{"id":828,"date":"2013-07-18T10:21:00","date_gmt":"2013-07-18T10:21:00","guid":{"rendered":"https:\/\/ds.cheyenne-portal.de\/18-07-13-koeln\/"},"modified":"2021-10-21T09:56:35","modified_gmt":"2021-10-21T07:56:35","slug":"18-07-13-koeln","status":"publish","type":"post","link":"https:\/\/direstrats.com\/en\/18-07-13-koeln\/","title":{"rendered":"18.07.13 &#8211; K\u00f6ln"},"content":{"rendered":"<p><\/p>\n<div class=\"uk-grid uk-grid-collapse uk-text-left uk-flex-middle\" data-uk-grid-match=\"\" data-uk-margin=\"{cls:'uk-margin-top'}\">\n<div class=\"uk-width-medium-1-1 uk-text-center\">\n<div class=\"uk-overlay uk-overlay-hover \"><img decoding=\"async\" class=\" uk-overlay-scale\" src=\"http:\/\/alt.direstrats.de\/images\/2013_Tourbuch\/2013_Tourbuch_2\/2013_07_18_Koeln\/2013_Koeln_Publikum05.jpg\" alt=\"Diakonie Michaelshoven\" \/><\/p>\n<div class=\"uk-overlay-panel uk-overlay-background uk-overlay-icon uk-overlay-fade\"><\/div>\n<\/div>\n<\/div>\n<div class=\"uk-width-medium-1-1 uk-margin-top\">\n<div class=\"uk-panel uk-panel-space uk-width-1-1\">\n<h3 class=\"uk-panel-title\">Diakonie Michaelshoven<\/h3>\n<div class=\"uk-margin\">Nach 9 Jahren Bandbestehen haben wir heute erstmals in K\u00f6ln gespielt. Die Diakonie Michaelshoven hat uns f\u00fcr ihr gro\u00dfes Sommer-Open-Air-Konzert gebucht. Da das Konzert an einem Donnerstag Abend stattfindet, haben wir im Hellen begonnen und im Hellen aufgeh\u00f6rt.<\/div>\n<\/div>\n<\/div>\n<\/div>\n<hr class=\"uk-grid-divider \" \/>\n<div class=\"uk-grid uk-grid-collapse uk-text-left uk-flex-middle\" data-uk-grid-match=\"\" data-uk-margin=\"{cls:'uk-margin-top'}\">\n<div class=\"uk-width-medium-1-1 uk-text-center\">\n<div class=\"uk-overlay uk-overlay-hover \"><img decoding=\"async\" class=\" uk-overlay-scale\" src=\"http:\/\/alt.direstrats.de\/images\/2013_Tourbuch\/2013_Tourbuch_2\/2013_07_18_Koeln\/2013_Koeln_Publikum01.jpg\" \/><\/p>\n<div class=\"uk-overlay-panel uk-overlay-background uk-overlay-icon uk-overlay-fade\"><\/div>\n<\/div>\n<\/div>\n<div class=\"uk-width-medium-1-1 uk-margin-top\">\n<div class=\"uk-panel uk-panel-space uk-width-1-1\">\n<div class=\"uk-margin\">Ein tolles Konzert mit einer wunderbaren Stimmung.<\/div>\n<\/div>\n<\/div>\n<\/div>\n<hr class=\"uk-grid-divider \" \/>\n<div class=\"uk-grid uk-grid-collapse uk-text-left uk-flex-middle\" data-uk-grid-match=\"\" data-uk-margin=\"{cls:'uk-margin-top'}\">\n<div class=\"uk-width-medium-1-1 uk-text-center\">\n<div class=\"uk-overlay uk-overlay-hover \"><img decoding=\"async\" class=\" uk-overlay-scale\" src=\"http:\/\/alt.direstrats.de\/images\/2013_Tourbuch\/2013_Tourbuch_2\/2013_07_18_Koeln\/2013_Koeln_Band04.jpg\" \/><\/p>\n<div class=\"uk-overlay-panel uk-overlay-background uk-overlay-icon uk-overlay-fade\"><\/div>\n<\/div>\n<\/div>\n<div class=\"uk-width-medium-1-1 uk-margin-top\">\n<div class=\"uk-panel uk-panel-space uk-width-1-1\">\n<div class=\"uk-margin\">Zu Beginn des Konzertes hat die Sonne intensiv auf die B\u00fchne geschienen. Das hatte zur Folge, dass die Instrumente permanent verstimmten, was f\u00fcr einige peinliche Momente sorgte.<\/div>\n<\/div>\n<\/div>\n<\/div>\n<hr class=\"uk-grid-divider \" \/>\n<div class=\"uk-grid uk-grid-collapse uk-text-left uk-flex-middle\" data-uk-grid-match=\"\" data-uk-margin=\"{cls:'uk-margin-top'}\">\n<div class=\"uk-width-medium-1-1 uk-text-center\">\n<div class=\"uk-overlay uk-overlay-hover \"><img decoding=\"async\" class=\" uk-overlay-scale\" src=\"http:\/\/alt.direstrats.de\/images\/2013_Tourbuch\/2013_Tourbuch_2\/2013_07_18_Koeln\/2013_Koeln_Wolle_Peter02.jpg\" \/><\/p>\n<div class=\"uk-overlay-panel uk-overlay-background uk-overlay-icon uk-overlay-fade\"><\/div>\n<\/div>\n<\/div>\n<div class=\"uk-width-medium-1-1 uk-margin-top\">\n<div class=\"uk-panel uk-panel-space uk-width-1-1\">\n<div class=\"uk-margin\">Ein gro\u00dfer Dank an das Diakonie-Team, welches uns einen sch\u00f6nen Aufenthalt erm\u00f6glicht hat. PS: Der &#8220;Geschnitten-Obstteller&#8221; ist genau richtig f\u00fcr faule Musiker.<\/div>\n<\/div>\n<\/div>\n<\/div>\n<hr class=\"uk-grid-divider \" \/>\n<div class=\"uk-grid uk-grid-collapse uk-text-left uk-flex-middle\" data-uk-grid-match=\"\" data-uk-margin=\"{cls:'uk-margin-top'}\">\n<div class=\"uk-width-medium-1-1 uk-text-center\">\n<div class=\"uk-overlay uk-overlay-hover \"><img decoding=\"async\" class=\" uk-overlay-scale\" src=\"http:\/\/alt.direstrats.de\/images\/2013_Tourbuch\/2013_Tourbuch_2\/2013_07_18_Koeln\/2013_Koeln_Dom.jpg\" \/><\/p>\n<div class=\"uk-overlay-panel uk-overlay-background uk-overlay-icon uk-overlay-fade\"><\/div>\n<\/div>\n<\/div>\n<div class=\"uk-width-medium-1-1 uk-margin-top\">\n<div class=\"uk-panel uk-panel-space uk-width-1-1\">\n<div class=\"uk-margin\">Unsere kleine n\u00e4chtliche Irrfahrt auf der Suche nach dem Hotel f\u00fchrte uns zum Dom &#8211; herrlich! Ein guter &#8220;Touri-sTRATS&#8221; l\u00e4sst sich den Moment nicht entgehen: Aussteigen, begucken und fotografieren.<\/div>\n<\/div>\n<\/div>\n<\/div>\n<p><\/p>","protected":false},"excerpt":{"rendered":"<p>Diakonie Michaelshoven Nach 9 Jahren Bandbestehen haben wir heute erstmals in K\u00f6ln gespielt. Die Diakonie Michaelshoven hat uns f\u00fcr ihr gro\u00dfes Sommer-Open-Air-Konzert gebucht. Da das Konzert an einem Donnerstag Abend stattfindet, haben wir im Hellen begonnen und im Hellen aufgeh\u00f6rt. Ein tolles Konzert mit einer wunderbaren Stimmung. Zu Beginn des Konzertes hat die Sonne intensiv&#8230;<\/p>\n","protected":false},"author":7,"featured_media":0,"comment_status":"closed","ping_status":"closed","sticky":false,"template":"","format":"standard","meta":{"ngg_post_thumbnail":0,"_jetpack_memberships_contains_paid_content":false,"footnotes":""},"categories":[21],"tags":[],"class_list":["post-828","post","type-post","status-publish","format-standard","hentry","category-tourberichte-2013"],"yoast_head":"<!-- This site is optimized with the Yoast SEO plugin v27.2 - https:\/\/yoast.com\/product\/yoast-seo-wordpress\/ -->\n<title>18.07.13 - K\u00f6ln - Direstrats<\/title>\n<meta name=\"robots\" content=\"index, follow, max-snippet:-1, max-image-preview:large, max-video-preview:-1\" \/>\n<link rel=\"canonical\" href=\"https:\/\/direstrats.com\/en\/18-07-13-koeln\/\" \/>\n<meta property=\"og:locale\" content=\"en_US\" \/>\n<meta property=\"og:type\" content=\"article\" \/>\n<meta property=\"og:title\" content=\"18.07.13 - K\u00f6ln - Direstrats\" \/>\n<meta property=\"og:description\" content=\"Diakonie Michaelshoven Nach 9 Jahren Bandbestehen haben wir heute erstmals in K\u00f6ln gespielt. Die Diakonie Michaelshoven hat uns f\u00fcr ihr gro\u00dfes Sommer-Open-Air-Konzert gebucht. Da das Konzert an einem Donnerstag Abend stattfindet, haben wir im Hellen begonnen und im Hellen aufgeh\u00f6rt. Ein tolles Konzert mit einer wunderbaren Stimmung. Zu Beginn des Konzertes hat die Sonne intensiv...\" \/>\n<meta property=\"og:url\" content=\"https:\/\/direstrats.com\/en\/18-07-13-koeln\/\" \/>\n<meta property=\"og:site_name\" content=\"Direstrats\" \/>\n<meta property=\"article:publisher\" content=\"https:\/\/www.facebook.com\/share\/1JaH96mvPW\/?mibextid=wwXIfr\" \/>\n<meta property=\"article:published_time\" content=\"2013-07-18T10:21:00+00:00\" \/>\n<meta property=\"article:modified_time\" content=\"2021-10-21T07:56:35+00:00\" \/>\n<meta property=\"og:image\" content=\"https:\/\/direstrats.com\/wp-content\/uploads\/2013\/07\/01_2013_Koeln_Publikum05.jpg\" \/>\n<meta name=\"author\" content=\"dIRE sTRATS\" \/>\n<meta name=\"twitter:card\" content=\"summary_large_image\" \/>\n<meta name=\"twitter:label1\" content=\"Written by\" \/>\n\t<meta name=\"twitter:data1\" content=\"dIRE sTRATS\" \/>\n\t<meta name=\"twitter:label2\" content=\"Est. reading time\" \/>\n\t<meta name=\"twitter:data2\" content=\"1 minute\" \/>\n<script type=\"application\/ld+json\" class=\"yoast-schema-graph\">{\"@context\":\"https:\/\/schema.org\",\"@graph\":[{\"@type\":\"Article\",\"@id\":\"https:\/\/direstrats.com\/en\/18-07-13-koeln\/#article\",\"isPartOf\":{\"@id\":\"https:\/\/direstrats.com\/en\/18-07-13-koeln\/\"},\"author\":{\"name\":\"dIRE sTRATS\",\"@id\":\"https:\/\/direstrats.com\/#\/schema\/person\/3c67182643f9014e236879a12be8d7eb\"},\"headline\":\"18.07.13 &#8211; K\u00f6ln\",\"datePublished\":\"2013-07-18T10:21:00+00:00\",\"dateModified\":\"2021-10-21T07:56:35+00:00\",\"mainEntityOfPage\":{\"@id\":\"https:\/\/direstrats.com\/en\/18-07-13-koeln\/\"},\"wordCount\":279,\"publisher\":{\"@id\":\"https:\/\/direstrats.com\/#organization\"},\"image\":{\"@id\":\"https:\/\/direstrats.com\/en\/18-07-13-koeln\/#primaryimage\"},\"thumbnailUrl\":\"https:\/\/direstrats.com\/wp-content\/uploads\/2013\/07\/01_2013_Koeln_Publikum05.jpg\",\"articleSection\":[\"Tourberichte 2013\"],\"inLanguage\":\"en-US\"},{\"@type\":\"WebPage\",\"@id\":\"https:\/\/direstrats.com\/en\/18-07-13-koeln\/\",\"url\":\"https:\/\/direstrats.com\/en\/18-07-13-koeln\/\",\"name\":\"18.07.13 - K\u00f6ln - Direstrats\",\"isPartOf\":{\"@id\":\"https:\/\/direstrats.com\/#website\"},\"primaryImageOfPage\":{\"@id\":\"https:\/\/direstrats.com\/en\/18-07-13-koeln\/#primaryimage\"},\"image\":{\"@id\":\"https:\/\/direstrats.com\/en\/18-07-13-koeln\/#primaryimage\"},\"thumbnailUrl\":\"https:\/\/direstrats.com\/wp-content\/uploads\/2013\/07\/01_2013_Koeln_Publikum05.jpg\",\"datePublished\":\"2013-07-18T10:21:00+00:00\",\"dateModified\":\"2021-10-21T07:56:35+00:00\",\"breadcrumb\":{\"@id\":\"https:\/\/direstrats.com\/en\/18-07-13-koeln\/#breadcrumb\"},\"inLanguage\":\"en-US\",\"potentialAction\":[{\"@type\":\"ReadAction\",\"target\":[\"https:\/\/direstrats.com\/en\/18-07-13-koeln\/\"]}]},{\"@type\":\"ImageObject\",\"inLanguage\":\"en-US\",\"@id\":\"https:\/\/direstrats.com\/en\/18-07-13-koeln\/#primaryimage\",\"url\":\"https:\/\/direstrats.com\/wp-content\/uploads\/2013\/07\/01_2013_Koeln_Publikum05.jpg\",\"contentUrl\":\"https:\/\/direstrats.com\/wp-content\/uploads\/2013\/07\/01_2013_Koeln_Publikum05.jpg\"},{\"@type\":\"BreadcrumbList\",\"@id\":\"https:\/\/direstrats.com\/en\/18-07-13-koeln\/#breadcrumb\",\"itemListElement\":[{\"@type\":\"ListItem\",\"position\":1,\"name\":\"Startseite\",\"item\":\"https:\/\/direstrats.com\/\"},{\"@type\":\"ListItem\",\"position\":2,\"name\":\"18.07.13 &#8211; K\u00f6ln\"}]},{\"@type\":\"WebSite\",\"@id\":\"https:\/\/direstrats.com\/#website\",\"url\":\"https:\/\/direstrats.com\/\",\"name\":\"Direstrats\",\"description\":\"\",\"publisher\":{\"@id\":\"https:\/\/direstrats.com\/#organization\"},\"potentialAction\":[{\"@type\":\"SearchAction\",\"target\":{\"@type\":\"EntryPoint\",\"urlTemplate\":\"https:\/\/direstrats.com\/?s={search_term_string}\"},\"query-input\":{\"@type\":\"PropertyValueSpecification\",\"valueRequired\":true,\"valueName\":\"search_term_string\"}}],\"inLanguage\":\"en-US\"},{\"@type\":\"Organization\",\"@id\":\"https:\/\/direstrats.com\/#organization\",\"name\":\"Direstrats\",\"url\":\"https:\/\/direstrats.com\/\",\"logo\":{\"@type\":\"ImageObject\",\"inLanguage\":\"en-US\",\"@id\":\"https:\/\/direstrats.com\/#\/schema\/logo\/image\/\",\"url\":\"https:\/\/direstrats.com\/wp-content\/uploads\/2025\/12\/dIREsTRATS_logo_star-1024x768.png\",\"contentUrl\":\"https:\/\/direstrats.com\/wp-content\/uploads\/2025\/12\/dIREsTRATS_logo_star-1024x768.png\",\"width\":1024,\"height\":768,\"caption\":\"Direstrats\"},\"image\":{\"@id\":\"https:\/\/direstrats.com\/#\/schema\/logo\/image\/\"},\"sameAs\":[\"https:\/\/www.facebook.com\/share\/1JaH96mvPW\/?mibextid=wwXIfr\"]},{\"@type\":\"Person\",\"@id\":\"https:\/\/direstrats.com\/#\/schema\/person\/3c67182643f9014e236879a12be8d7eb\",\"name\":\"dIRE sTRATS\",\"image\":{\"@type\":\"ImageObject\",\"inLanguage\":\"en-US\",\"@id\":\"https:\/\/secure.gravatar.com\/avatar\/90664c98349ab000f7a1fc65d4e4710dd295e38fb375bdabf13f83bd12dc8d58?s=96&d=mm&r=g\",\"url\":\"https:\/\/secure.gravatar.com\/avatar\/90664c98349ab000f7a1fc65d4e4710dd295e38fb375bdabf13f83bd12dc8d58?s=96&d=mm&r=g\",\"contentUrl\":\"https:\/\/secure.gravatar.com\/avatar\/90664c98349ab000f7a1fc65d4e4710dd295e38fb375bdabf13f83bd12dc8d58?s=96&d=mm&r=g\",\"caption\":\"dIRE sTRATS\"},\"url\":\"https:\/\/direstrats.com\/en\/author\/direstrats\/\"}]}<\/script>\n<!-- \/ Yoast SEO plugin. -->","yoast_head_json":{"title":"18.07.13 - K\u00f6ln - Direstrats","robots":{"index":"index","follow":"follow","max-snippet":"max-snippet:-1","max-image-preview":"max-image-preview:large","max-video-preview":"max-video-preview:-1"},"canonical":"https:\/\/direstrats.com\/en\/18-07-13-koeln\/","og_locale":"en_US","og_type":"article","og_title":"18.07.13 - K\u00f6ln - Direstrats","og_description":"Diakonie Michaelshoven Nach 9 Jahren Bandbestehen haben wir heute erstmals in K\u00f6ln gespielt. Die Diakonie Michaelshoven hat uns f\u00fcr ihr gro\u00dfes Sommer-Open-Air-Konzert gebucht. Da das Konzert an einem Donnerstag Abend stattfindet, haben wir im Hellen begonnen und im Hellen aufgeh\u00f6rt. Ein tolles Konzert mit einer wunderbaren Stimmung. Zu Beginn des Konzertes hat die Sonne intensiv...","og_url":"https:\/\/direstrats.com\/en\/18-07-13-koeln\/","og_site_name":"Direstrats","article_publisher":"https:\/\/www.facebook.com\/share\/1JaH96mvPW\/?mibextid=wwXIfr","article_published_time":"2013-07-18T10:21:00+00:00","article_modified_time":"2021-10-21T07:56:35+00:00","og_image":[{"url":"https:\/\/direstrats.com\/wp-content\/uploads\/2013\/07\/01_2013_Koeln_Publikum05.jpg","type":"","width":"","height":""}],"author":"dIRE sTRATS","twitter_card":"summary_large_image","twitter_misc":{"Written by":"dIRE sTRATS","Est. reading time":"1 minute"},"schema":{"@context":"https:\/\/schema.org","@graph":[{"@type":"Article","@id":"https:\/\/direstrats.com\/en\/18-07-13-koeln\/#article","isPartOf":{"@id":"https:\/\/direstrats.com\/en\/18-07-13-koeln\/"},"author":{"name":"dIRE sTRATS","@id":"https:\/\/direstrats.com\/#\/schema\/person\/3c67182643f9014e236879a12be8d7eb"},"headline":"18.07.13 &#8211; K\u00f6ln","datePublished":"2013-07-18T10:21:00+00:00","dateModified":"2021-10-21T07:56:35+00:00","mainEntityOfPage":{"@id":"https:\/\/direstrats.com\/en\/18-07-13-koeln\/"},"wordCount":279,"publisher":{"@id":"https:\/\/direstrats.com\/#organization"},"image":{"@id":"https:\/\/direstrats.com\/en\/18-07-13-koeln\/#primaryimage"},"thumbnailUrl":"https:\/\/direstrats.com\/wp-content\/uploads\/2013\/07\/01_2013_Koeln_Publikum05.jpg","articleSection":["Tourberichte 2013"],"inLanguage":"en-US"},{"@type":"WebPage","@id":"https:\/\/direstrats.com\/en\/18-07-13-koeln\/","url":"https:\/\/direstrats.com\/en\/18-07-13-koeln\/","name":"18.07.13 - K\u00f6ln - Direstrats","isPartOf":{"@id":"https:\/\/direstrats.com\/#website"},"primaryImageOfPage":{"@id":"https:\/\/direstrats.com\/en\/18-07-13-koeln\/#primaryimage"},"image":{"@id":"https:\/\/direstrats.com\/en\/18-07-13-koeln\/#primaryimage"},"thumbnailUrl":"https:\/\/direstrats.com\/wp-content\/uploads\/2013\/07\/01_2013_Koeln_Publikum05.jpg","datePublished":"2013-07-18T10:21:00+00:00","dateModified":"2021-10-21T07:56:35+00:00","breadcrumb":{"@id":"https:\/\/direstrats.com\/en\/18-07-13-koeln\/#breadcrumb"},"inLanguage":"en-US","potentialAction":[{"@type":"ReadAction","target":["https:\/\/direstrats.com\/en\/18-07-13-koeln\/"]}]},{"@type":"ImageObject","inLanguage":"en-US","@id":"https:\/\/direstrats.com\/en\/18-07-13-koeln\/#primaryimage","url":"https:\/\/direstrats.com\/wp-content\/uploads\/2013\/07\/01_2013_Koeln_Publikum05.jpg","contentUrl":"https:\/\/direstrats.com\/wp-content\/uploads\/2013\/07\/01_2013_Koeln_Publikum05.jpg"},{"@type":"BreadcrumbList","@id":"https:\/\/direstrats.com\/en\/18-07-13-koeln\/#breadcrumb","itemListElement":[{"@type":"ListItem","position":1,"name":"Startseite","item":"https:\/\/direstrats.com\/"},{"@type":"ListItem","position":2,"name":"18.07.13 &#8211; K\u00f6ln"}]},{"@type":"WebSite","@id":"https:\/\/direstrats.com\/#website","url":"https:\/\/direstrats.com\/","name":"Direstrats","description":"","publisher":{"@id":"https:\/\/direstrats.com\/#organization"},"potentialAction":[{"@type":"SearchAction","target":{"@type":"EntryPoint","urlTemplate":"https:\/\/direstrats.com\/?s={search_term_string}"},"query-input":{"@type":"PropertyValueSpecification","valueRequired":true,"valueName":"search_term_string"}}],"inLanguage":"en-US"},{"@type":"Organization","@id":"https:\/\/direstrats.com\/#organization","name":"Direstrats","url":"https:\/\/direstrats.com\/","logo":{"@type":"ImageObject","inLanguage":"en-US","@id":"https:\/\/direstrats.com\/#\/schema\/logo\/image\/","url":"https:\/\/direstrats.com\/wp-content\/uploads\/2025\/12\/dIREsTRATS_logo_star-1024x768.png","contentUrl":"https:\/\/direstrats.com\/wp-content\/uploads\/2025\/12\/dIREsTRATS_logo_star-1024x768.png","width":1024,"height":768,"caption":"Direstrats"},"image":{"@id":"https:\/\/direstrats.com\/#\/schema\/logo\/image\/"},"sameAs":["https:\/\/www.facebook.com\/share\/1JaH96mvPW\/?mibextid=wwXIfr"]},{"@type":"Person","@id":"https:\/\/direstrats.com\/#\/schema\/person\/3c67182643f9014e236879a12be8d7eb","name":"dIRE sTRATS","image":{"@type":"ImageObject","inLanguage":"en-US","@id":"https:\/\/secure.gravatar.com\/avatar\/90664c98349ab000f7a1fc65d4e4710dd295e38fb375bdabf13f83bd12dc8d58?s=96&d=mm&r=g","url":"https:\/\/secure.gravatar.com\/avatar\/90664c98349ab000f7a1fc65d4e4710dd295e38fb375bdabf13f83bd12dc8d58?s=96&d=mm&r=g","contentUrl":"https:\/\/secure.gravatar.com\/avatar\/90664c98349ab000f7a1fc65d4e4710dd295e38fb375bdabf13f83bd12dc8d58?s=96&d=mm&r=g","caption":"dIRE sTRATS"},"url":"https:\/\/direstrats.com\/en\/author\/direstrats\/"}]}},"jetpack_featured_media_url":"","jetpack_sharing_enabled":true,"_links":{"self":[{"href":"https:\/\/direstrats.com\/en\/wp-json\/wp\/v2\/posts\/828","targetHints":{"allow":["GET"]}}],"collection":[{"href":"https:\/\/direstrats.com\/en\/wp-json\/wp\/v2\/posts"}],"about":[{"href":"https:\/\/direstrats.com\/en\/wp-json\/wp\/v2\/types\/post"}],"author":[{"embeddable":true,"href":"https:\/\/direstrats.com\/en\/wp-json\/wp\/v2\/users\/7"}],"replies":[{"embeddable":true,"href":"https:\/\/direstrats.com\/en\/wp-json\/wp\/v2\/comments?post=828"}],"version-history":[{"count":2,"href":"https:\/\/direstrats.com\/en\/wp-json\/wp\/v2\/posts\/828\/revisions"}],"predecessor-version":[{"id":1326435,"href":"https:\/\/direstrats.com\/en\/wp-json\/wp\/v2\/posts\/828\/revisions\/1326435"}],"wp:attachment":[{"href":"https:\/\/direstrats.com\/en\/wp-json\/wp\/v2\/media?parent=828"}],"wp:term":[{"taxonomy":"category","embeddable":true,"href":"https:\/\/direstrats.com\/en\/wp-json\/wp\/v2\/categories?post=828"},{"taxonomy":"post_tag","embeddable":true,"href":"https:\/\/direstrats.com\/en\/wp-json\/wp\/v2\/tags?post=828"}],"curies":[{"name":"wp","href":"https:\/\/api.w.org\/{rel}","templated":true}]}}