{"id":727,"date":"2015-10-23T08:33:23","date_gmt":"2015-10-23T08:33:23","guid":{"rendered":"https:\/\/ds.cheyenne-portal.de\/23-10-15-basel-pratteln-ch\/"},"modified":"2019-06-17T16:56:05","modified_gmt":"2019-06-17T14:56:05","slug":"23-10-15-basel-pratteln-ch","status":"publish","type":"post","link":"https:\/\/direstrats.com\/en\/23-10-15-basel-pratteln-ch\/","title":{"rendered":"23.10.15 &#8211; CH-Basel\/Pratteln"},"content":{"rendered":"<p><img loading=\"lazy\" decoding=\"async\" class=\"alignnone size-full wp-image-6143\" src=\"https:\/\/direstrats.com\/wp-content\/uploads\/2015\/10\/01_2015_Schwaebisch_Hall01.jpg\" alt=\"\" width=\"1000\" height=\"1036\" data-id=\"6143\" srcset=\"https:\/\/direstrats.com\/wp-content\/uploads\/2015\/10\/01_2015_Schwaebisch_Hall01.jpg 1000w, https:\/\/direstrats.com\/wp-content\/uploads\/2015\/10\/01_2015_Schwaebisch_Hall01-290x300.jpg 290w, https:\/\/direstrats.com\/wp-content\/uploads\/2015\/10\/01_2015_Schwaebisch_Hall01-768x796.jpg 768w, https:\/\/direstrats.com\/wp-content\/uploads\/2015\/10\/01_2015_Schwaebisch_Hall01-988x1024.jpg 988w, https:\/\/direstrats.com\/wp-content\/uploads\/2015\/10\/01_2015_Schwaebisch_Hall01-600x622.jpg 600w\" sizes=\"auto, (max-width: 1000px) 100vw, 1000px\" \/><\/p>\n<h3>Basel\/Pratteln &#8211; Z7<\/h3>\n<p>Abfahrt morgens um 10:15 Uhr aus dem schicken Leonardo-Hotel N\u00fcrnberg Richtung Basel &#8211; Bei der Vorbeifahrt am Ort Schw\u00e4bisch-Hall ruft Chriddel aus dem hinteren Teil des Busses: &#8220;Hier war ich schon mal mit meiner Oma&#8221;. Und so hatten wir unser n\u00e4chstes Touriziel. Gleich runter von der Autobahn, um die historische Altstadt zu besuchen. Es ist schon erstaunlich, dass wir Schw\u00e4bisch-Hall nur aus der Fernsehwerbung f\u00fcr die Bausparkasse kennen. Die vier rechteckigen Steinbl\u00f6cke des Logos lassen nicht gerade auf ein so sch\u00f6nes St\u00e4dtchen schlie\u00dfen.<\/p>\n<p><img loading=\"lazy\" decoding=\"async\" class=\"alignnone size-full wp-image-6144\" src=\"https:\/\/direstrats.com\/wp-content\/uploads\/2015\/10\/02_2015_Pratteln_Band_weit02.jpg\" alt=\"\" width=\"1000\" height=\"667\" data-id=\"6144\" srcset=\"https:\/\/direstrats.com\/wp-content\/uploads\/2015\/10\/02_2015_Pratteln_Band_weit02.jpg 1000w, https:\/\/direstrats.com\/wp-content\/uploads\/2015\/10\/02_2015_Pratteln_Band_weit02-300x200.jpg 300w, https:\/\/direstrats.com\/wp-content\/uploads\/2015\/10\/02_2015_Pratteln_Band_weit02-768x512.jpg 768w, https:\/\/direstrats.com\/wp-content\/uploads\/2015\/10\/02_2015_Pratteln_Band_weit02-600x400.jpg 600w\" sizes=\"auto, (max-width: 1000px) 100vw, 1000px\" \/><\/p>\n<p>4 Stunden sp\u00e4ter \u00fcberquerten wir die Schweizer Grenze<\/p>\n<p>Das Z7 in Basel\/Pratteln bespielen wir bereits zum 4. Mal. Heute hatten wir unseren Z7-Besucherrekord von 350 verkaufter Tickets. Es geht bergauf.<\/p>\n<p><img loading=\"lazy\" decoding=\"async\" class=\"alignnone size-full wp-image-6145\" src=\"https:\/\/direstrats.com\/wp-content\/uploads\/2015\/10\/03_2015_Pratteln_Band_weit03.jpg\" alt=\"\" width=\"1000\" height=\"667\" data-id=\"6145\" srcset=\"https:\/\/direstrats.com\/wp-content\/uploads\/2015\/10\/03_2015_Pratteln_Band_weit03.jpg 1000w, https:\/\/direstrats.com\/wp-content\/uploads\/2015\/10\/03_2015_Pratteln_Band_weit03-300x200.jpg 300w, https:\/\/direstrats.com\/wp-content\/uploads\/2015\/10\/03_2015_Pratteln_Band_weit03-768x512.jpg 768w, https:\/\/direstrats.com\/wp-content\/uploads\/2015\/10\/03_2015_Pratteln_Band_weit03-600x400.jpg 600w\" sizes=\"auto, (max-width: 1000px) 100vw, 1000px\" \/><\/p>\n<h3>Wunschlos zufrieden<\/h3>\n<p>Das Z7 l\u00e4sst keine W\u00fcnsche offen. PA, Licht, Catering usw. &#8211; alles super und zum wohlf\u00fchlen. Es fehlte lediglich noch eine Burgenbesichtigung f\u00fcr den Kulturbeauftragten. Vielen Dank an Melanie und Norbert f\u00fcr den rundum gelungenen organisierten Abend! Wir freuen uns auf das n\u00e4chste Jahr!<\/p>\n<p><img loading=\"lazy\" decoding=\"async\" class=\"alignnone size-full wp-image-6146\" src=\"https:\/\/direstrats.com\/wp-content\/uploads\/2015\/10\/04_2015_Pratteln_Jens.jpg\" alt=\"\" width=\"1000\" height=\"667\" data-id=\"6146\" srcset=\"https:\/\/direstrats.com\/wp-content\/uploads\/2015\/10\/04_2015_Pratteln_Jens.jpg 1000w, https:\/\/direstrats.com\/wp-content\/uploads\/2015\/10\/04_2015_Pratteln_Jens-300x200.jpg 300w, https:\/\/direstrats.com\/wp-content\/uploads\/2015\/10\/04_2015_Pratteln_Jens-768x512.jpg 768w, https:\/\/direstrats.com\/wp-content\/uploads\/2015\/10\/04_2015_Pratteln_Jens-600x400.jpg 600w\" sizes=\"auto, (max-width: 1000px) 100vw, 1000px\" \/><\/p>\n<h3>Neue Kopfh\u00f6rer<\/h3>\n<p>Jens hat sich neue Sennheiser-Kopfh\u00f6rer zugelegt und verl\u00e4sst den Bereich der Inears.<\/p>\n<p><img loading=\"lazy\" decoding=\"async\" class=\"alignnone size-full wp-image-6147\" src=\"https:\/\/direstrats.com\/wp-content\/uploads\/2015\/10\/05_2015_Pratteln_Band02.jpg\" alt=\"\" width=\"1000\" height=\"667\" data-id=\"6147\" srcset=\"https:\/\/direstrats.com\/wp-content\/uploads\/2015\/10\/05_2015_Pratteln_Band02.jpg 1000w, https:\/\/direstrats.com\/wp-content\/uploads\/2015\/10\/05_2015_Pratteln_Band02-300x200.jpg 300w, https:\/\/direstrats.com\/wp-content\/uploads\/2015\/10\/05_2015_Pratteln_Band02-768x512.jpg 768w, https:\/\/direstrats.com\/wp-content\/uploads\/2015\/10\/05_2015_Pratteln_Band02-600x400.jpg 600w\" sizes=\"auto, (max-width: 1000px) 100vw, 1000px\" \/><\/p>\n<h3>Zweiter Einsatz<\/h3>\n<p>Heute war Chriddels Kontrabass zum 2. Mal im Einsatz. Wir haben uns an diesem Abend dazu entschieden, ihn nur bei einem Song einzusetzen.<\/p>\n","protected":false},"excerpt":{"rendered":"<p>Basel\/Pratteln &#8211; Z7 Abfahrt morgens um 10:15 Uhr aus dem schicken Leonardo-Hotel N\u00fcrnberg Richtung Basel &#8211; Bei der Vorbeifahrt am Ort Schw\u00e4bisch-Hall ruft Chriddel aus dem hinteren Teil des Busses: &#8220;Hier war ich schon mal mit meiner Oma&#8221;. Und so hatten wir unser n\u00e4chstes Touriziel. Gleich runter von der Autobahn, um die historische Altstadt zu&#8230;<\/p>\n","protected":false},"author":7,"featured_media":0,"comment_status":"open","ping_status":"open","sticky":false,"template":"","format":"standard","meta":{"ngg_post_thumbnail":0,"_jetpack_memberships_contains_paid_content":false,"footnotes":""},"categories":[14,23],"tags":[],"class_list":["post-727","post","type-post","status-publish","format-standard","hentry","category-tourberichte","category-tourberichte-2015"],"yoast_head":"<!-- This site is optimized with the Yoast SEO plugin v27.2 - https:\/\/yoast.com\/product\/yoast-seo-wordpress\/ -->\n<title>23.10.15 - CH-Basel\/Pratteln - Direstrats<\/title>\n<meta name=\"robots\" content=\"index, follow, max-snippet:-1, max-image-preview:large, max-video-preview:-1\" \/>\n<link rel=\"canonical\" href=\"https:\/\/direstrats.com\/23-10-15-basel-pratteln-ch\/\" \/>\n<meta property=\"og:locale\" content=\"en_US\" \/>\n<meta property=\"og:type\" content=\"article\" \/>\n<meta property=\"og:title\" content=\"23.10.15 - CH-Basel\/Pratteln - Direstrats\" \/>\n<meta property=\"og:description\" content=\"Basel\/Pratteln &#8211; Z7 Abfahrt morgens um 10:15 Uhr aus dem schicken Leonardo-Hotel N\u00fcrnberg Richtung Basel &#8211; Bei der Vorbeifahrt am Ort Schw\u00e4bisch-Hall ruft Chriddel aus dem hinteren Teil des Busses: &#8220;Hier war ich schon mal mit meiner Oma&#8221;. Und so hatten wir unser n\u00e4chstes Touriziel. Gleich runter von der Autobahn, um die historische Altstadt zu...\" \/>\n<meta property=\"og:url\" content=\"https:\/\/direstrats.com\/23-10-15-basel-pratteln-ch\/\" \/>\n<meta property=\"og:site_name\" content=\"Direstrats\" \/>\n<meta property=\"article:publisher\" content=\"https:\/\/www.facebook.com\/share\/1JaH96mvPW\/?mibextid=wwXIfr\" \/>\n<meta property=\"article:published_time\" content=\"2015-10-23T08:33:23+00:00\" \/>\n<meta property=\"article:modified_time\" content=\"2019-06-17T14:56:05+00:00\" \/>\n<meta property=\"og:image\" content=\"https:\/\/direstrats.com\/wp-content\/uploads\/2015\/10\/01_2015_Schwaebisch_Hall01.jpg\" \/>\n<meta name=\"author\" content=\"dIRE sTRATS\" \/>\n<meta name=\"twitter:card\" content=\"summary_large_image\" \/>\n<meta name=\"twitter:label1\" content=\"Written by\" \/>\n\t<meta name=\"twitter:data1\" content=\"dIRE sTRATS\" \/>\n\t<meta name=\"twitter:label2\" content=\"Est. reading time\" \/>\n\t<meta name=\"twitter:data2\" content=\"1 minute\" \/>\n<script type=\"application\/ld+json\" class=\"yoast-schema-graph\">{\"@context\":\"https:\/\/schema.org\",\"@graph\":[{\"@type\":\"Article\",\"@id\":\"https:\/\/direstrats.com\/23-10-15-basel-pratteln-ch\/#article\",\"isPartOf\":{\"@id\":\"https:\/\/direstrats.com\/23-10-15-basel-pratteln-ch\/\"},\"author\":{\"name\":\"dIRE sTRATS\",\"@id\":\"https:\/\/direstrats.com\/#\/schema\/person\/3c67182643f9014e236879a12be8d7eb\"},\"headline\":\"23.10.15 &#8211; CH-Basel\/Pratteln\",\"datePublished\":\"2015-10-23T08:33:23+00:00\",\"dateModified\":\"2019-06-17T14:56:05+00:00\",\"mainEntityOfPage\":{\"@id\":\"https:\/\/direstrats.com\/23-10-15-basel-pratteln-ch\/\"},\"wordCount\":221,\"commentCount\":0,\"publisher\":{\"@id\":\"https:\/\/direstrats.com\/#organization\"},\"image\":{\"@id\":\"https:\/\/direstrats.com\/23-10-15-basel-pratteln-ch\/#primaryimage\"},\"thumbnailUrl\":\"https:\/\/direstrats.com\/wp-content\/uploads\/2015\/10\/01_2015_Schwaebisch_Hall01.jpg\",\"articleSection\":[\"Tourberichte\",\"Tourberichte 2015\"],\"inLanguage\":\"en-US\"},{\"@type\":\"WebPage\",\"@id\":\"https:\/\/direstrats.com\/23-10-15-basel-pratteln-ch\/\",\"url\":\"https:\/\/direstrats.com\/23-10-15-basel-pratteln-ch\/\",\"name\":\"23.10.15 - CH-Basel\/Pratteln - Direstrats\",\"isPartOf\":{\"@id\":\"https:\/\/direstrats.com\/#website\"},\"primaryImageOfPage\":{\"@id\":\"https:\/\/direstrats.com\/23-10-15-basel-pratteln-ch\/#primaryimage\"},\"image\":{\"@id\":\"https:\/\/direstrats.com\/23-10-15-basel-pratteln-ch\/#primaryimage\"},\"thumbnailUrl\":\"https:\/\/direstrats.com\/wp-content\/uploads\/2015\/10\/01_2015_Schwaebisch_Hall01.jpg\",\"datePublished\":\"2015-10-23T08:33:23+00:00\",\"dateModified\":\"2019-06-17T14:56:05+00:00\",\"breadcrumb\":{\"@id\":\"https:\/\/direstrats.com\/23-10-15-basel-pratteln-ch\/#breadcrumb\"},\"inLanguage\":\"en-US\",\"potentialAction\":[{\"@type\":\"ReadAction\",\"target\":[\"https:\/\/direstrats.com\/23-10-15-basel-pratteln-ch\/\"]}]},{\"@type\":\"ImageObject\",\"inLanguage\":\"en-US\",\"@id\":\"https:\/\/direstrats.com\/23-10-15-basel-pratteln-ch\/#primaryimage\",\"url\":\"https:\/\/direstrats.com\/wp-content\/uploads\/2015\/10\/01_2015_Schwaebisch_Hall01.jpg\",\"contentUrl\":\"https:\/\/direstrats.com\/wp-content\/uploads\/2015\/10\/01_2015_Schwaebisch_Hall01.jpg\"},{\"@type\":\"BreadcrumbList\",\"@id\":\"https:\/\/direstrats.com\/23-10-15-basel-pratteln-ch\/#breadcrumb\",\"itemListElement\":[{\"@type\":\"ListItem\",\"position\":1,\"name\":\"Startseite\",\"item\":\"https:\/\/direstrats.com\/\"},{\"@type\":\"ListItem\",\"position\":2,\"name\":\"23.10.15 &#8211; CH-Basel\/Pratteln\"}]},{\"@type\":\"WebSite\",\"@id\":\"https:\/\/direstrats.com\/#website\",\"url\":\"https:\/\/direstrats.com\/\",\"name\":\"Direstrats\",\"description\":\"\",\"publisher\":{\"@id\":\"https:\/\/direstrats.com\/#organization\"},\"potentialAction\":[{\"@type\":\"SearchAction\",\"target\":{\"@type\":\"EntryPoint\",\"urlTemplate\":\"https:\/\/direstrats.com\/?s={search_term_string}\"},\"query-input\":{\"@type\":\"PropertyValueSpecification\",\"valueRequired\":true,\"valueName\":\"search_term_string\"}}],\"inLanguage\":\"en-US\"},{\"@type\":\"Organization\",\"@id\":\"https:\/\/direstrats.com\/#organization\",\"name\":\"Direstrats\",\"url\":\"https:\/\/direstrats.com\/\",\"logo\":{\"@type\":\"ImageObject\",\"inLanguage\":\"en-US\",\"@id\":\"https:\/\/direstrats.com\/#\/schema\/logo\/image\/\",\"url\":\"https:\/\/direstrats.com\/wp-content\/uploads\/2025\/12\/dIREsTRATS_logo_star-1024x768.png\",\"contentUrl\":\"https:\/\/direstrats.com\/wp-content\/uploads\/2025\/12\/dIREsTRATS_logo_star-1024x768.png\",\"width\":1024,\"height\":768,\"caption\":\"Direstrats\"},\"image\":{\"@id\":\"https:\/\/direstrats.com\/#\/schema\/logo\/image\/\"},\"sameAs\":[\"https:\/\/www.facebook.com\/share\/1JaH96mvPW\/?mibextid=wwXIfr\"]},{\"@type\":\"Person\",\"@id\":\"https:\/\/direstrats.com\/#\/schema\/person\/3c67182643f9014e236879a12be8d7eb\",\"name\":\"dIRE sTRATS\",\"image\":{\"@type\":\"ImageObject\",\"inLanguage\":\"en-US\",\"@id\":\"https:\/\/secure.gravatar.com\/avatar\/90664c98349ab000f7a1fc65d4e4710dd295e38fb375bdabf13f83bd12dc8d58?s=96&d=mm&r=g\",\"url\":\"https:\/\/secure.gravatar.com\/avatar\/90664c98349ab000f7a1fc65d4e4710dd295e38fb375bdabf13f83bd12dc8d58?s=96&d=mm&r=g\",\"contentUrl\":\"https:\/\/secure.gravatar.com\/avatar\/90664c98349ab000f7a1fc65d4e4710dd295e38fb375bdabf13f83bd12dc8d58?s=96&d=mm&r=g\",\"caption\":\"dIRE sTRATS\"},\"url\":\"https:\/\/direstrats.com\/en\/author\/direstrats\/\"}]}<\/script>\n<!-- \/ Yoast SEO plugin. -->","yoast_head_json":{"title":"23.10.15 - CH-Basel\/Pratteln - Direstrats","robots":{"index":"index","follow":"follow","max-snippet":"max-snippet:-1","max-image-preview":"max-image-preview:large","max-video-preview":"max-video-preview:-1"},"canonical":"https:\/\/direstrats.com\/23-10-15-basel-pratteln-ch\/","og_locale":"en_US","og_type":"article","og_title":"23.10.15 - CH-Basel\/Pratteln - Direstrats","og_description":"Basel\/Pratteln &#8211; Z7 Abfahrt morgens um 10:15 Uhr aus dem schicken Leonardo-Hotel N\u00fcrnberg Richtung Basel &#8211; Bei der Vorbeifahrt am Ort Schw\u00e4bisch-Hall ruft Chriddel aus dem hinteren Teil des Busses: &#8220;Hier war ich schon mal mit meiner Oma&#8221;. Und so hatten wir unser n\u00e4chstes Touriziel. Gleich runter von der Autobahn, um die historische Altstadt zu...","og_url":"https:\/\/direstrats.com\/23-10-15-basel-pratteln-ch\/","og_site_name":"Direstrats","article_publisher":"https:\/\/www.facebook.com\/share\/1JaH96mvPW\/?mibextid=wwXIfr","article_published_time":"2015-10-23T08:33:23+00:00","article_modified_time":"2019-06-17T14:56:05+00:00","og_image":[{"url":"https:\/\/direstrats.com\/wp-content\/uploads\/2015\/10\/01_2015_Schwaebisch_Hall01.jpg","type":"","width":"","height":""}],"author":"dIRE sTRATS","twitter_card":"summary_large_image","twitter_misc":{"Written by":"dIRE sTRATS","Est. reading time":"1 minute"},"schema":{"@context":"https:\/\/schema.org","@graph":[{"@type":"Article","@id":"https:\/\/direstrats.com\/23-10-15-basel-pratteln-ch\/#article","isPartOf":{"@id":"https:\/\/direstrats.com\/23-10-15-basel-pratteln-ch\/"},"author":{"name":"dIRE sTRATS","@id":"https:\/\/direstrats.com\/#\/schema\/person\/3c67182643f9014e236879a12be8d7eb"},"headline":"23.10.15 &#8211; CH-Basel\/Pratteln","datePublished":"2015-10-23T08:33:23+00:00","dateModified":"2019-06-17T14:56:05+00:00","mainEntityOfPage":{"@id":"https:\/\/direstrats.com\/23-10-15-basel-pratteln-ch\/"},"wordCount":221,"commentCount":0,"publisher":{"@id":"https:\/\/direstrats.com\/#organization"},"image":{"@id":"https:\/\/direstrats.com\/23-10-15-basel-pratteln-ch\/#primaryimage"},"thumbnailUrl":"https:\/\/direstrats.com\/wp-content\/uploads\/2015\/10\/01_2015_Schwaebisch_Hall01.jpg","articleSection":["Tourberichte","Tourberichte 2015"],"inLanguage":"en-US"},{"@type":"WebPage","@id":"https:\/\/direstrats.com\/23-10-15-basel-pratteln-ch\/","url":"https:\/\/direstrats.com\/23-10-15-basel-pratteln-ch\/","name":"23.10.15 - CH-Basel\/Pratteln - Direstrats","isPartOf":{"@id":"https:\/\/direstrats.com\/#website"},"primaryImageOfPage":{"@id":"https:\/\/direstrats.com\/23-10-15-basel-pratteln-ch\/#primaryimage"},"image":{"@id":"https:\/\/direstrats.com\/23-10-15-basel-pratteln-ch\/#primaryimage"},"thumbnailUrl":"https:\/\/direstrats.com\/wp-content\/uploads\/2015\/10\/01_2015_Schwaebisch_Hall01.jpg","datePublished":"2015-10-23T08:33:23+00:00","dateModified":"2019-06-17T14:56:05+00:00","breadcrumb":{"@id":"https:\/\/direstrats.com\/23-10-15-basel-pratteln-ch\/#breadcrumb"},"inLanguage":"en-US","potentialAction":[{"@type":"ReadAction","target":["https:\/\/direstrats.com\/23-10-15-basel-pratteln-ch\/"]}]},{"@type":"ImageObject","inLanguage":"en-US","@id":"https:\/\/direstrats.com\/23-10-15-basel-pratteln-ch\/#primaryimage","url":"https:\/\/direstrats.com\/wp-content\/uploads\/2015\/10\/01_2015_Schwaebisch_Hall01.jpg","contentUrl":"https:\/\/direstrats.com\/wp-content\/uploads\/2015\/10\/01_2015_Schwaebisch_Hall01.jpg"},{"@type":"BreadcrumbList","@id":"https:\/\/direstrats.com\/23-10-15-basel-pratteln-ch\/#breadcrumb","itemListElement":[{"@type":"ListItem","position":1,"name":"Startseite","item":"https:\/\/direstrats.com\/"},{"@type":"ListItem","position":2,"name":"23.10.15 &#8211; CH-Basel\/Pratteln"}]},{"@type":"WebSite","@id":"https:\/\/direstrats.com\/#website","url":"https:\/\/direstrats.com\/","name":"Direstrats","description":"","publisher":{"@id":"https:\/\/direstrats.com\/#organization"},"potentialAction":[{"@type":"SearchAction","target":{"@type":"EntryPoint","urlTemplate":"https:\/\/direstrats.com\/?s={search_term_string}"},"query-input":{"@type":"PropertyValueSpecification","valueRequired":true,"valueName":"search_term_string"}}],"inLanguage":"en-US"},{"@type":"Organization","@id":"https:\/\/direstrats.com\/#organization","name":"Direstrats","url":"https:\/\/direstrats.com\/","logo":{"@type":"ImageObject","inLanguage":"en-US","@id":"https:\/\/direstrats.com\/#\/schema\/logo\/image\/","url":"https:\/\/direstrats.com\/wp-content\/uploads\/2025\/12\/dIREsTRATS_logo_star-1024x768.png","contentUrl":"https:\/\/direstrats.com\/wp-content\/uploads\/2025\/12\/dIREsTRATS_logo_star-1024x768.png","width":1024,"height":768,"caption":"Direstrats"},"image":{"@id":"https:\/\/direstrats.com\/#\/schema\/logo\/image\/"},"sameAs":["https:\/\/www.facebook.com\/share\/1JaH96mvPW\/?mibextid=wwXIfr"]},{"@type":"Person","@id":"https:\/\/direstrats.com\/#\/schema\/person\/3c67182643f9014e236879a12be8d7eb","name":"dIRE sTRATS","image":{"@type":"ImageObject","inLanguage":"en-US","@id":"https:\/\/secure.gravatar.com\/avatar\/90664c98349ab000f7a1fc65d4e4710dd295e38fb375bdabf13f83bd12dc8d58?s=96&d=mm&r=g","url":"https:\/\/secure.gravatar.com\/avatar\/90664c98349ab000f7a1fc65d4e4710dd295e38fb375bdabf13f83bd12dc8d58?s=96&d=mm&r=g","contentUrl":"https:\/\/secure.gravatar.com\/avatar\/90664c98349ab000f7a1fc65d4e4710dd295e38fb375bdabf13f83bd12dc8d58?s=96&d=mm&r=g","caption":"dIRE sTRATS"},"url":"https:\/\/direstrats.com\/en\/author\/direstrats\/"}]}},"jetpack_featured_media_url":"","jetpack_sharing_enabled":true,"_links":{"self":[{"href":"https:\/\/direstrats.com\/en\/wp-json\/wp\/v2\/posts\/727","targetHints":{"allow":["GET"]}}],"collection":[{"href":"https:\/\/direstrats.com\/en\/wp-json\/wp\/v2\/posts"}],"about":[{"href":"https:\/\/direstrats.com\/en\/wp-json\/wp\/v2\/types\/post"}],"author":[{"embeddable":true,"href":"https:\/\/direstrats.com\/en\/wp-json\/wp\/v2\/users\/7"}],"replies":[{"embeddable":true,"href":"https:\/\/direstrats.com\/en\/wp-json\/wp\/v2\/comments?post=727"}],"version-history":[{"count":2,"href":"https:\/\/direstrats.com\/en\/wp-json\/wp\/v2\/posts\/727\/revisions"}],"predecessor-version":[{"id":6149,"href":"https:\/\/direstrats.com\/en\/wp-json\/wp\/v2\/posts\/727\/revisions\/6149"}],"wp:attachment":[{"href":"https:\/\/direstrats.com\/en\/wp-json\/wp\/v2\/media?parent=727"}],"wp:term":[{"taxonomy":"category","embeddable":true,"href":"https:\/\/direstrats.com\/en\/wp-json\/wp\/v2\/categories?post=727"},{"taxonomy":"post_tag","embeddable":true,"href":"https:\/\/direstrats.com\/en\/wp-json\/wp\/v2\/tags?post=727"}],"curies":[{"name":"wp","href":"https:\/\/api.w.org\/{rel}","templated":true}]}}