{"id":6019,"date":"2019-03-23T08:50:32","date_gmt":"2019-03-23T07:50:32","guid":{"rendered":"http:\/\/direstrats.com\/?p=6019"},"modified":"2019-07-21T19:13:44","modified_gmt":"2019-07-21T17:13:44","slug":"22-03-19-osnabrueck","status":"publish","type":"post","link":"https:\/\/direstrats.com\/en\/22-03-19-osnabrueck\/","title":{"rendered":"22.03.19 &#8211; Osnabr\u00fcck"},"content":{"rendered":"<p><img loading=\"lazy\" decoding=\"async\" class=\"size-full wp-image-6025\" src=\"https:\/\/direstrats.com\/wp-content\/uploads\/2019\/03\/01_Osnabrueck_2019.jpg\" alt=\"\" width=\"1200\" height=\"900\" data-id=\"6025\" srcset=\"https:\/\/direstrats.com\/wp-content\/uploads\/2019\/03\/01_Osnabrueck_2019.jpg 1200w, https:\/\/direstrats.com\/wp-content\/uploads\/2019\/03\/01_Osnabrueck_2019-300x225.jpg 300w, https:\/\/direstrats.com\/wp-content\/uploads\/2019\/03\/01_Osnabrueck_2019-768x576.jpg 768w, https:\/\/direstrats.com\/wp-content\/uploads\/2019\/03\/01_Osnabrueck_2019-1024x768.jpg 1024w, https:\/\/direstrats.com\/wp-content\/uploads\/2019\/03\/01_Osnabrueck_2019-600x450.jpg 600w\" sizes=\"auto, (max-width: 1200px) 100vw, 1200px\" \/><\/p>\n<p>Aufgrund der f\u00fcr uns Bremerhavener (und Hamburger) relativ kurzen Anreise nach Osnabr\u00fcck, wurde die Abfahrt des Bandbusses auf 14 Uhr gesetzt. Die Crew war zu der Zeit bereits unterwegs.<\/p>\n<p>F\u00fcr 17 Uhr war der Soundcheck angesetzt. Im Regelfall ben\u00f6tigen wir daf\u00fcr etwa eine Stunde inkl. einer Miniprobe, bei der Feinheiten erarbeitet oder eingeschlichene Fehler ausgemerzt werden.<\/p>\n<hr \/>\n<p><img loading=\"lazy\" decoding=\"async\" class=\"alignnone size-full wp-image-6034\" src=\"https:\/\/direstrats.com\/wp-content\/uploads\/2019\/03\/08_Osnabrueck_2019.jpg\" alt=\"\" width=\"1200\" height=\"670\" data-id=\"6034\" srcset=\"https:\/\/direstrats.com\/wp-content\/uploads\/2019\/03\/08_Osnabrueck_2019.jpg 1200w, https:\/\/direstrats.com\/wp-content\/uploads\/2019\/03\/08_Osnabrueck_2019-300x168.jpg 300w, https:\/\/direstrats.com\/wp-content\/uploads\/2019\/03\/08_Osnabrueck_2019-768x429.jpg 768w, https:\/\/direstrats.com\/wp-content\/uploads\/2019\/03\/08_Osnabrueck_2019-1024x572.jpg 1024w, https:\/\/direstrats.com\/wp-content\/uploads\/2019\/03\/08_Osnabrueck_2019-600x335.jpg 600w\" sizes=\"auto, (max-width: 1200px) 100vw, 1200px\" \/><\/p>\n<p>Zugabenblock bei &#8220;Money for nothing&#8221;<\/p>\n<hr \/>\n<p><img loading=\"lazy\" decoding=\"async\" class=\"alignnone size-full wp-image-6024\" src=\"https:\/\/direstrats.com\/wp-content\/uploads\/2019\/03\/02_Osnabrueck_2019.jpg\" alt=\"\" width=\"1200\" height=\"800\" data-id=\"6024\" srcset=\"https:\/\/direstrats.com\/wp-content\/uploads\/2019\/03\/02_Osnabrueck_2019.jpg 1200w, https:\/\/direstrats.com\/wp-content\/uploads\/2019\/03\/02_Osnabrueck_2019-300x200.jpg 300w, https:\/\/direstrats.com\/wp-content\/uploads\/2019\/03\/02_Osnabrueck_2019-768x512.jpg 768w, https:\/\/direstrats.com\/wp-content\/uploads\/2019\/03\/02_Osnabrueck_2019-1024x683.jpg 1024w, https:\/\/direstrats.com\/wp-content\/uploads\/2019\/03\/02_Osnabrueck_2019-600x400.jpg 600w\" sizes=\"auto, (max-width: 1200px) 100vw, 1200px\" \/><\/p>\n<h3>Auf das Konzert&#8230;<\/h3>\n<p>am heutigen Abend freuten wir uns sehr. Der sehr angesagte Liveclub \u201eRosenhof\u201c fasst 800 Zuschauer. Im Vorverkauf stand f\u00fcr uns die sensationelle Zahl von 715 verkauften Tickets. Die Abendkasse sorge dann f\u00fcr ein volles Haus. Wir w\u00e4ren vor 8 Rosenhofkonzerten (ja, so oft waren wir nun schon hier) niemals auf die Idee gekommen, dass aus dem Startvolumen von ca. 200 Zuschauern bei unserem ersten Konzert an selber Stelle heute 800 wurden. Manchmal k\u00f6nnen wir dies kaum fassen.<\/p>\n<hr \/>\n<p><img loading=\"lazy\" decoding=\"async\" class=\"alignnone size-full wp-image-6032\" src=\"https:\/\/direstrats.com\/wp-content\/uploads\/2019\/03\/07_Osnabrueck_2019.jpg\" alt=\"\" width=\"1200\" height=\"800\" data-id=\"6032\" srcset=\"https:\/\/direstrats.com\/wp-content\/uploads\/2019\/03\/07_Osnabrueck_2019.jpg 1200w, https:\/\/direstrats.com\/wp-content\/uploads\/2019\/03\/07_Osnabrueck_2019-300x200.jpg 300w, https:\/\/direstrats.com\/wp-content\/uploads\/2019\/03\/07_Osnabrueck_2019-768x512.jpg 768w, https:\/\/direstrats.com\/wp-content\/uploads\/2019\/03\/07_Osnabrueck_2019-1024x683.jpg 1024w, https:\/\/direstrats.com\/wp-content\/uploads\/2019\/03\/07_Osnabrueck_2019-600x400.jpg 600w\" sizes=\"auto, (max-width: 1200px) 100vw, 1200px\" \/><\/p>\n<h3>Der Einlass<\/h3>\n<hr \/>\n<p><img loading=\"lazy\" decoding=\"async\" class=\"alignnone size-full wp-image-6023\" src=\"https:\/\/direstrats.com\/wp-content\/uploads\/2019\/03\/03_Osnabrueck_2019.jpg\" alt=\"\" width=\"1200\" height=\"800\" data-id=\"6023\" srcset=\"https:\/\/direstrats.com\/wp-content\/uploads\/2019\/03\/03_Osnabrueck_2019.jpg 1200w, https:\/\/direstrats.com\/wp-content\/uploads\/2019\/03\/03_Osnabrueck_2019-300x200.jpg 300w, https:\/\/direstrats.com\/wp-content\/uploads\/2019\/03\/03_Osnabrueck_2019-768x512.jpg 768w, https:\/\/direstrats.com\/wp-content\/uploads\/2019\/03\/03_Osnabrueck_2019-1024x683.jpg 1024w, https:\/\/direstrats.com\/wp-content\/uploads\/2019\/03\/03_Osnabrueck_2019-600x400.jpg 600w\" sizes=\"auto, (max-width: 1200px) 100vw, 1200px\" \/><\/p>\n<h3>Peter ist unsere B\u00fcgelfee<\/h3>\n<p>Die T-Shirts am Merchandise-Stand waren ihm (zu Recht!) zu ungeb\u00fcgelt. Peter griff sich das B\u00fcgeleisen des Backstageraumes und legte los.<\/p>\n<hr \/>\n<p><img loading=\"lazy\" decoding=\"async\" class=\"alignnone size-full wp-image-6022\" src=\"https:\/\/direstrats.com\/wp-content\/uploads\/2019\/03\/04_Osnabrueck_2019.jpg\" alt=\"\" width=\"1200\" height=\"800\" data-id=\"6022\" srcset=\"https:\/\/direstrats.com\/wp-content\/uploads\/2019\/03\/04_Osnabrueck_2019.jpg 1200w, https:\/\/direstrats.com\/wp-content\/uploads\/2019\/03\/04_Osnabrueck_2019-300x200.jpg 300w, https:\/\/direstrats.com\/wp-content\/uploads\/2019\/03\/04_Osnabrueck_2019-768x512.jpg 768w, https:\/\/direstrats.com\/wp-content\/uploads\/2019\/03\/04_Osnabrueck_2019-1024x683.jpg 1024w, https:\/\/direstrats.com\/wp-content\/uploads\/2019\/03\/04_Osnabrueck_2019-600x400.jpg 600w\" sizes=\"auto, (max-width: 1200px) 100vw, 1200px\" \/><\/p>\n<hr \/>\n<p><img loading=\"lazy\" decoding=\"async\" class=\"alignnone size-full wp-image-6020\" src=\"https:\/\/direstrats.com\/wp-content\/uploads\/2019\/03\/06_Osnabrueck_2019.jpg\" alt=\"\" width=\"1200\" height=\"800\" data-id=\"6020\" srcset=\"https:\/\/direstrats.com\/wp-content\/uploads\/2019\/03\/06_Osnabrueck_2019.jpg 1200w, https:\/\/direstrats.com\/wp-content\/uploads\/2019\/03\/06_Osnabrueck_2019-300x200.jpg 300w, https:\/\/direstrats.com\/wp-content\/uploads\/2019\/03\/06_Osnabrueck_2019-768x512.jpg 768w, https:\/\/direstrats.com\/wp-content\/uploads\/2019\/03\/06_Osnabrueck_2019-1024x683.jpg 1024w, https:\/\/direstrats.com\/wp-content\/uploads\/2019\/03\/06_Osnabrueck_2019-600x400.jpg 600w\" sizes=\"auto, (max-width: 1200px) 100vw, 1200px\" \/><\/p>\n<hr \/>\n<p><img loading=\"lazy\" decoding=\"async\" class=\"alignnone size-full wp-image-6021\" src=\"https:\/\/direstrats.com\/wp-content\/uploads\/2019\/03\/05_Osnabrueck_2019.jpg\" alt=\"\" width=\"1200\" height=\"800\" data-id=\"6021\" srcset=\"https:\/\/direstrats.com\/wp-content\/uploads\/2019\/03\/05_Osnabrueck_2019.jpg 1200w, https:\/\/direstrats.com\/wp-content\/uploads\/2019\/03\/05_Osnabrueck_2019-300x200.jpg 300w, https:\/\/direstrats.com\/wp-content\/uploads\/2019\/03\/05_Osnabrueck_2019-768x512.jpg 768w, https:\/\/direstrats.com\/wp-content\/uploads\/2019\/03\/05_Osnabrueck_2019-1024x683.jpg 1024w, https:\/\/direstrats.com\/wp-content\/uploads\/2019\/03\/05_Osnabrueck_2019-600x400.jpg 600w\" sizes=\"auto, (max-width: 1200px) 100vw, 1200px\" \/><\/p>\n","protected":false},"excerpt":{"rendered":"<p>Aufgrund der f\u00fcr uns Bremerhavener (und Hamburger) relativ kurzen Anreise nach Osnabr\u00fcck, wurde die Abfahrt des Bandbusses auf 14 Uhr gesetzt. Die Crew war zu der Zeit bereits unterwegs. F\u00fcr 17 Uhr war der Soundcheck angesetzt. Im Regelfall ben\u00f6tigen wir daf\u00fcr etwa eine Stunde inkl. einer Miniprobe, bei der Feinheiten erarbeitet oder eingeschlichene Fehler ausgemerzt&#8230;<\/p>\n","protected":false},"author":3,"featured_media":0,"comment_status":"closed","ping_status":"closed","sticky":false,"template":"","format":"standard","meta":{"ngg_post_thumbnail":0,"_jetpack_memberships_contains_paid_content":false,"footnotes":""},"categories":[14,54],"tags":[],"class_list":["post-6019","post","type-post","status-publish","format-standard","hentry","category-tourberichte","category-tourberichte-2019"],"yoast_head":"<!-- This site is optimized with the Yoast SEO plugin v27.2 - https:\/\/yoast.com\/product\/yoast-seo-wordpress\/ -->\n<title>22.03.19 - Osnabr\u00fcck - Direstrats<\/title>\n<meta name=\"robots\" content=\"index, follow, max-snippet:-1, max-image-preview:large, max-video-preview:-1\" \/>\n<link rel=\"canonical\" href=\"https:\/\/direstrats.com\/22-03-19-osnabrueck\/\" \/>\n<meta property=\"og:locale\" content=\"en_US\" \/>\n<meta property=\"og:type\" content=\"article\" \/>\n<meta property=\"og:title\" content=\"22.03.19 - Osnabr\u00fcck - Direstrats\" \/>\n<meta property=\"og:description\" content=\"Aufgrund der f\u00fcr uns Bremerhavener (und Hamburger) relativ kurzen Anreise nach Osnabr\u00fcck, wurde die Abfahrt des Bandbusses auf 14 Uhr gesetzt. Die Crew war zu der Zeit bereits unterwegs. F\u00fcr 17 Uhr war der Soundcheck angesetzt. Im Regelfall ben\u00f6tigen wir daf\u00fcr etwa eine Stunde inkl. einer Miniprobe, bei der Feinheiten erarbeitet oder eingeschlichene Fehler ausgemerzt...\" \/>\n<meta property=\"og:url\" content=\"https:\/\/direstrats.com\/22-03-19-osnabrueck\/\" \/>\n<meta property=\"og:site_name\" content=\"Direstrats\" \/>\n<meta property=\"article:publisher\" content=\"https:\/\/www.facebook.com\/share\/1JaH96mvPW\/?mibextid=wwXIfr\" \/>\n<meta property=\"article:published_time\" content=\"2019-03-23T07:50:32+00:00\" \/>\n<meta property=\"article:modified_time\" content=\"2019-07-21T17:13:44+00:00\" \/>\n<meta property=\"og:image\" content=\"https:\/\/direstrats.com\/wp-content\/uploads\/2019\/03\/01_Osnabrueck_2019.jpg\" \/>\n<meta name=\"author\" content=\"Wolfgang Uhlich\" \/>\n<meta name=\"twitter:card\" content=\"summary_large_image\" \/>\n<meta name=\"twitter:label1\" content=\"Written by\" \/>\n\t<meta name=\"twitter:data1\" content=\"Wolfgang Uhlich\" \/>\n\t<meta name=\"twitter:label2\" content=\"Est. reading time\" \/>\n\t<meta name=\"twitter:data2\" content=\"1 minute\" \/>\n<script type=\"application\/ld+json\" class=\"yoast-schema-graph\">{\"@context\":\"https:\/\/schema.org\",\"@graph\":[{\"@type\":\"Article\",\"@id\":\"https:\/\/direstrats.com\/22-03-19-osnabrueck\/#article\",\"isPartOf\":{\"@id\":\"https:\/\/direstrats.com\/22-03-19-osnabrueck\/\"},\"author\":{\"name\":\"Wolfgang Uhlich\",\"@id\":\"https:\/\/direstrats.com\/#\/schema\/person\/8cbb793335b8def966088e13b196b6a1\"},\"headline\":\"22.03.19 &#8211; Osnabr\u00fcck\",\"datePublished\":\"2019-03-23T07:50:32+00:00\",\"dateModified\":\"2019-07-21T17:13:44+00:00\",\"mainEntityOfPage\":{\"@id\":\"https:\/\/direstrats.com\/22-03-19-osnabrueck\/\"},\"wordCount\":175,\"publisher\":{\"@id\":\"https:\/\/direstrats.com\/#organization\"},\"image\":{\"@id\":\"https:\/\/direstrats.com\/22-03-19-osnabrueck\/#primaryimage\"},\"thumbnailUrl\":\"https:\/\/direstrats.com\/wp-content\/uploads\/2019\/03\/01_Osnabrueck_2019.jpg\",\"articleSection\":[\"Tourberichte\",\"Tourberichte 2019\"],\"inLanguage\":\"en-US\"},{\"@type\":\"WebPage\",\"@id\":\"https:\/\/direstrats.com\/22-03-19-osnabrueck\/\",\"url\":\"https:\/\/direstrats.com\/22-03-19-osnabrueck\/\",\"name\":\"22.03.19 - Osnabr\u00fcck - Direstrats\",\"isPartOf\":{\"@id\":\"https:\/\/direstrats.com\/#website\"},\"primaryImageOfPage\":{\"@id\":\"https:\/\/direstrats.com\/22-03-19-osnabrueck\/#primaryimage\"},\"image\":{\"@id\":\"https:\/\/direstrats.com\/22-03-19-osnabrueck\/#primaryimage\"},\"thumbnailUrl\":\"https:\/\/direstrats.com\/wp-content\/uploads\/2019\/03\/01_Osnabrueck_2019.jpg\",\"datePublished\":\"2019-03-23T07:50:32+00:00\",\"dateModified\":\"2019-07-21T17:13:44+00:00\",\"breadcrumb\":{\"@id\":\"https:\/\/direstrats.com\/22-03-19-osnabrueck\/#breadcrumb\"},\"inLanguage\":\"en-US\",\"potentialAction\":[{\"@type\":\"ReadAction\",\"target\":[\"https:\/\/direstrats.com\/22-03-19-osnabrueck\/\"]}]},{\"@type\":\"ImageObject\",\"inLanguage\":\"en-US\",\"@id\":\"https:\/\/direstrats.com\/22-03-19-osnabrueck\/#primaryimage\",\"url\":\"https:\/\/direstrats.com\/wp-content\/uploads\/2019\/03\/01_Osnabrueck_2019.jpg\",\"contentUrl\":\"https:\/\/direstrats.com\/wp-content\/uploads\/2019\/03\/01_Osnabrueck_2019.jpg\"},{\"@type\":\"BreadcrumbList\",\"@id\":\"https:\/\/direstrats.com\/22-03-19-osnabrueck\/#breadcrumb\",\"itemListElement\":[{\"@type\":\"ListItem\",\"position\":1,\"name\":\"Startseite\",\"item\":\"https:\/\/direstrats.com\/\"},{\"@type\":\"ListItem\",\"position\":2,\"name\":\"22.03.19 &#8211; Osnabr\u00fcck\"}]},{\"@type\":\"WebSite\",\"@id\":\"https:\/\/direstrats.com\/#website\",\"url\":\"https:\/\/direstrats.com\/\",\"name\":\"Direstrats\",\"description\":\"\",\"publisher\":{\"@id\":\"https:\/\/direstrats.com\/#organization\"},\"potentialAction\":[{\"@type\":\"SearchAction\",\"target\":{\"@type\":\"EntryPoint\",\"urlTemplate\":\"https:\/\/direstrats.com\/?s={search_term_string}\"},\"query-input\":{\"@type\":\"PropertyValueSpecification\",\"valueRequired\":true,\"valueName\":\"search_term_string\"}}],\"inLanguage\":\"en-US\"},{\"@type\":\"Organization\",\"@id\":\"https:\/\/direstrats.com\/#organization\",\"name\":\"Direstrats\",\"url\":\"https:\/\/direstrats.com\/\",\"logo\":{\"@type\":\"ImageObject\",\"inLanguage\":\"en-US\",\"@id\":\"https:\/\/direstrats.com\/#\/schema\/logo\/image\/\",\"url\":\"https:\/\/direstrats.com\/wp-content\/uploads\/2025\/12\/dIREsTRATS_logo_star-1024x768.png\",\"contentUrl\":\"https:\/\/direstrats.com\/wp-content\/uploads\/2025\/12\/dIREsTRATS_logo_star-1024x768.png\",\"width\":1024,\"height\":768,\"caption\":\"Direstrats\"},\"image\":{\"@id\":\"https:\/\/direstrats.com\/#\/schema\/logo\/image\/\"},\"sameAs\":[\"https:\/\/www.facebook.com\/share\/1JaH96mvPW\/?mibextid=wwXIfr\"]},{\"@type\":\"Person\",\"@id\":\"https:\/\/direstrats.com\/#\/schema\/person\/8cbb793335b8def966088e13b196b6a1\",\"name\":\"Wolfgang Uhlich\",\"image\":{\"@type\":\"ImageObject\",\"inLanguage\":\"en-US\",\"@id\":\"https:\/\/secure.gravatar.com\/avatar\/ed60a46fa963f2ef554b7832599b0ba478de3a3b27cbe58f9ff9077876b81777?s=96&d=mm&r=g\",\"url\":\"https:\/\/secure.gravatar.com\/avatar\/ed60a46fa963f2ef554b7832599b0ba478de3a3b27cbe58f9ff9077876b81777?s=96&d=mm&r=g\",\"contentUrl\":\"https:\/\/secure.gravatar.com\/avatar\/ed60a46fa963f2ef554b7832599b0ba478de3a3b27cbe58f9ff9077876b81777?s=96&d=mm&r=g\",\"caption\":\"Wolfgang Uhlich\"},\"url\":\"https:\/\/direstrats.com\/en\/author\/wolle\/\"}]}<\/script>\n<!-- \/ Yoast SEO plugin. -->","yoast_head_json":{"title":"22.03.19 - Osnabr\u00fcck - Direstrats","robots":{"index":"index","follow":"follow","max-snippet":"max-snippet:-1","max-image-preview":"max-image-preview:large","max-video-preview":"max-video-preview:-1"},"canonical":"https:\/\/direstrats.com\/22-03-19-osnabrueck\/","og_locale":"en_US","og_type":"article","og_title":"22.03.19 - Osnabr\u00fcck - Direstrats","og_description":"Aufgrund der f\u00fcr uns Bremerhavener (und Hamburger) relativ kurzen Anreise nach Osnabr\u00fcck, wurde die Abfahrt des Bandbusses auf 14 Uhr gesetzt. Die Crew war zu der Zeit bereits unterwegs. F\u00fcr 17 Uhr war der Soundcheck angesetzt. Im Regelfall ben\u00f6tigen wir daf\u00fcr etwa eine Stunde inkl. einer Miniprobe, bei der Feinheiten erarbeitet oder eingeschlichene Fehler ausgemerzt...","og_url":"https:\/\/direstrats.com\/22-03-19-osnabrueck\/","og_site_name":"Direstrats","article_publisher":"https:\/\/www.facebook.com\/share\/1JaH96mvPW\/?mibextid=wwXIfr","article_published_time":"2019-03-23T07:50:32+00:00","article_modified_time":"2019-07-21T17:13:44+00:00","og_image":[{"url":"https:\/\/direstrats.com\/wp-content\/uploads\/2019\/03\/01_Osnabrueck_2019.jpg","type":"","width":"","height":""}],"author":"Wolfgang Uhlich","twitter_card":"summary_large_image","twitter_misc":{"Written by":"Wolfgang Uhlich","Est. reading time":"1 minute"},"schema":{"@context":"https:\/\/schema.org","@graph":[{"@type":"Article","@id":"https:\/\/direstrats.com\/22-03-19-osnabrueck\/#article","isPartOf":{"@id":"https:\/\/direstrats.com\/22-03-19-osnabrueck\/"},"author":{"name":"Wolfgang Uhlich","@id":"https:\/\/direstrats.com\/#\/schema\/person\/8cbb793335b8def966088e13b196b6a1"},"headline":"22.03.19 &#8211; Osnabr\u00fcck","datePublished":"2019-03-23T07:50:32+00:00","dateModified":"2019-07-21T17:13:44+00:00","mainEntityOfPage":{"@id":"https:\/\/direstrats.com\/22-03-19-osnabrueck\/"},"wordCount":175,"publisher":{"@id":"https:\/\/direstrats.com\/#organization"},"image":{"@id":"https:\/\/direstrats.com\/22-03-19-osnabrueck\/#primaryimage"},"thumbnailUrl":"https:\/\/direstrats.com\/wp-content\/uploads\/2019\/03\/01_Osnabrueck_2019.jpg","articleSection":["Tourberichte","Tourberichte 2019"],"inLanguage":"en-US"},{"@type":"WebPage","@id":"https:\/\/direstrats.com\/22-03-19-osnabrueck\/","url":"https:\/\/direstrats.com\/22-03-19-osnabrueck\/","name":"22.03.19 - Osnabr\u00fcck - Direstrats","isPartOf":{"@id":"https:\/\/direstrats.com\/#website"},"primaryImageOfPage":{"@id":"https:\/\/direstrats.com\/22-03-19-osnabrueck\/#primaryimage"},"image":{"@id":"https:\/\/direstrats.com\/22-03-19-osnabrueck\/#primaryimage"},"thumbnailUrl":"https:\/\/direstrats.com\/wp-content\/uploads\/2019\/03\/01_Osnabrueck_2019.jpg","datePublished":"2019-03-23T07:50:32+00:00","dateModified":"2019-07-21T17:13:44+00:00","breadcrumb":{"@id":"https:\/\/direstrats.com\/22-03-19-osnabrueck\/#breadcrumb"},"inLanguage":"en-US","potentialAction":[{"@type":"ReadAction","target":["https:\/\/direstrats.com\/22-03-19-osnabrueck\/"]}]},{"@type":"ImageObject","inLanguage":"en-US","@id":"https:\/\/direstrats.com\/22-03-19-osnabrueck\/#primaryimage","url":"https:\/\/direstrats.com\/wp-content\/uploads\/2019\/03\/01_Osnabrueck_2019.jpg","contentUrl":"https:\/\/direstrats.com\/wp-content\/uploads\/2019\/03\/01_Osnabrueck_2019.jpg"},{"@type":"BreadcrumbList","@id":"https:\/\/direstrats.com\/22-03-19-osnabrueck\/#breadcrumb","itemListElement":[{"@type":"ListItem","position":1,"name":"Startseite","item":"https:\/\/direstrats.com\/"},{"@type":"ListItem","position":2,"name":"22.03.19 &#8211; Osnabr\u00fcck"}]},{"@type":"WebSite","@id":"https:\/\/direstrats.com\/#website","url":"https:\/\/direstrats.com\/","name":"Direstrats","description":"","publisher":{"@id":"https:\/\/direstrats.com\/#organization"},"potentialAction":[{"@type":"SearchAction","target":{"@type":"EntryPoint","urlTemplate":"https:\/\/direstrats.com\/?s={search_term_string}"},"query-input":{"@type":"PropertyValueSpecification","valueRequired":true,"valueName":"search_term_string"}}],"inLanguage":"en-US"},{"@type":"Organization","@id":"https:\/\/direstrats.com\/#organization","name":"Direstrats","url":"https:\/\/direstrats.com\/","logo":{"@type":"ImageObject","inLanguage":"en-US","@id":"https:\/\/direstrats.com\/#\/schema\/logo\/image\/","url":"https:\/\/direstrats.com\/wp-content\/uploads\/2025\/12\/dIREsTRATS_logo_star-1024x768.png","contentUrl":"https:\/\/direstrats.com\/wp-content\/uploads\/2025\/12\/dIREsTRATS_logo_star-1024x768.png","width":1024,"height":768,"caption":"Direstrats"},"image":{"@id":"https:\/\/direstrats.com\/#\/schema\/logo\/image\/"},"sameAs":["https:\/\/www.facebook.com\/share\/1JaH96mvPW\/?mibextid=wwXIfr"]},{"@type":"Person","@id":"https:\/\/direstrats.com\/#\/schema\/person\/8cbb793335b8def966088e13b196b6a1","name":"Wolfgang Uhlich","image":{"@type":"ImageObject","inLanguage":"en-US","@id":"https:\/\/secure.gravatar.com\/avatar\/ed60a46fa963f2ef554b7832599b0ba478de3a3b27cbe58f9ff9077876b81777?s=96&d=mm&r=g","url":"https:\/\/secure.gravatar.com\/avatar\/ed60a46fa963f2ef554b7832599b0ba478de3a3b27cbe58f9ff9077876b81777?s=96&d=mm&r=g","contentUrl":"https:\/\/secure.gravatar.com\/avatar\/ed60a46fa963f2ef554b7832599b0ba478de3a3b27cbe58f9ff9077876b81777?s=96&d=mm&r=g","caption":"Wolfgang Uhlich"},"url":"https:\/\/direstrats.com\/en\/author\/wolle\/"}]}},"jetpack_featured_media_url":"","jetpack_sharing_enabled":true,"_links":{"self":[{"href":"https:\/\/direstrats.com\/en\/wp-json\/wp\/v2\/posts\/6019","targetHints":{"allow":["GET"]}}],"collection":[{"href":"https:\/\/direstrats.com\/en\/wp-json\/wp\/v2\/posts"}],"about":[{"href":"https:\/\/direstrats.com\/en\/wp-json\/wp\/v2\/types\/post"}],"author":[{"embeddable":true,"href":"https:\/\/direstrats.com\/en\/wp-json\/wp\/v2\/users\/3"}],"replies":[{"embeddable":true,"href":"https:\/\/direstrats.com\/en\/wp-json\/wp\/v2\/comments?post=6019"}],"version-history":[{"count":11,"href":"https:\/\/direstrats.com\/en\/wp-json\/wp\/v2\/posts\/6019\/revisions"}],"predecessor-version":[{"id":214370,"href":"https:\/\/direstrats.com\/en\/wp-json\/wp\/v2\/posts\/6019\/revisions\/214370"}],"wp:attachment":[{"href":"https:\/\/direstrats.com\/en\/wp-json\/wp\/v2\/media?parent=6019"}],"wp:term":[{"taxonomy":"category","embeddable":true,"href":"https:\/\/direstrats.com\/en\/wp-json\/wp\/v2\/categories?post=6019"},{"taxonomy":"post_tag","embeddable":true,"href":"https:\/\/direstrats.com\/en\/wp-json\/wp\/v2\/tags?post=6019"}],"curies":[{"name":"wp","href":"https:\/\/api.w.org\/{rel}","templated":true}]}}