{"id":5156,"date":"2018-09-02T08:05:27","date_gmt":"2018-09-02T06:05:27","guid":{"rendered":"http:\/\/direstrats.com\/?p=5156"},"modified":"2018-09-02T22:06:00","modified_gmt":"2018-09-02T20:06:00","slug":"30-08-2018-bremerhaven-open-air","status":"publish","type":"post","link":"https:\/\/direstrats.com\/en\/30-08-2018-bremerhaven-open-air\/","title":{"rendered":"30.08.18 &#8211; Bremerhaven"},"content":{"rendered":"<hr \/>\n<h3><img loading=\"lazy\" decoding=\"async\" class=\"alignnone size-full wp-image-5159\" src=\"https:\/\/direstrats.com\/wp-content\/uploads\/2018\/09\/1.jpg\" alt=\"\" width=\"1200\" height=\"800\" data-id=\"5159\" srcset=\"https:\/\/direstrats.com\/wp-content\/uploads\/2018\/09\/1.jpg 1200w, https:\/\/direstrats.com\/wp-content\/uploads\/2018\/09\/1-300x200.jpg 300w, https:\/\/direstrats.com\/wp-content\/uploads\/2018\/09\/1-768x512.jpg 768w, https:\/\/direstrats.com\/wp-content\/uploads\/2018\/09\/1-1024x683.jpg 1024w, https:\/\/direstrats.com\/wp-content\/uploads\/2018\/09\/1-600x400.jpg 600w\" sizes=\"auto, (max-width: 1200px) 100vw, 1200px\" \/><\/h3>\n<h3 class=\"uk-panel-title\">30.08.18 \u2013 Bremerhaven \u2013 Open Air am Hafen<\/h3>\n<p>Heimspiel in Bremerhaven! Was f\u00fcr ein Fest f\u00fcr uns. Wir spielen in der Regel einmal im Jahr in unserer Heimat.<\/p>\n<p>Das heutige Konzert wurde gesponsert und pr\u00e4sentiert von der Zeitschrift \u201eL\u00f6ppt\u201c.<\/p>\n<p>Unser Lieblings-PA-Verleih \u201eWeserstage\u201c hat uns sehr hochwertige Technik zur Verf\u00fcgung gestellt, unter anderem sogenannte \u201eDelay-Lines\u201c, Laufzeit-verz\u00f6gerungsboxen, welche auf dem Platz verteilt aufgestellt waren. Damit wurde sichergestellt, dass auch das Publikum in den hinteren Reihen ein tolles Klangerlebnis genie\u00dfen konnte. F\u00fcr Ton und Licht standen uns unser Maurice und unser Patrick bereit. Vielen Dank an die Beteiligten der Technikabteilung!<\/p>\n<p>Zu dem f\u00fcr uns so besonderen Konzert kamen Fans aus vielen Teilen Deutschlands und aus den Niederlanden angereist. Wir bedanken uns bei euch f\u00fcr diese Ehrerbietung!!!<\/p>\n<hr \/>\n<h3><img loading=\"lazy\" decoding=\"async\" class=\"alignnone size-full wp-image-5160\" src=\"https:\/\/direstrats.com\/wp-content\/uploads\/2018\/09\/2.jpg\" alt=\"\" width=\"1200\" height=\"800\" data-id=\"5160\" srcset=\"https:\/\/direstrats.com\/wp-content\/uploads\/2018\/09\/2.jpg 1200w, https:\/\/direstrats.com\/wp-content\/uploads\/2018\/09\/2-300x200.jpg 300w, https:\/\/direstrats.com\/wp-content\/uploads\/2018\/09\/2-768x512.jpg 768w, https:\/\/direstrats.com\/wp-content\/uploads\/2018\/09\/2-1024x683.jpg 1024w, https:\/\/direstrats.com\/wp-content\/uploads\/2018\/09\/2-600x400.jpg 600w\" sizes=\"auto, (max-width: 1200px) 100vw, 1200px\" \/><\/h3>\n<h3 class=\"uk-panel-title\">Open Air<\/h3>\n<p>Ca. 3.000 Konzertbesucher kamen diesmal in den Fischereihafen.<\/p>\n<p>F\u00fcr den heutigen Abend \u2013 und somit f\u00fcr unser Heimspiel \u2013 hatten wir einen Fotografen gebucht, der uns schicke Livefotos erstellen sollte, deshalb ging es zeitweise recht \u201ewild\u201c auf der B\u00fchne zu \u2013 Posen war angesagt. S\u00e4nger Peter entschuldigte sich beim Publikum f\u00fcr die Eskapaden \u201eWir sind nicht immer so\u2026\u201c<\/p>\n<p>Als Fotograf konnten wir Roland Furtw\u00e4ngler gewinnen, der auch eine gemeinsame Geschichte mit Wolfgang hat. Im Jahr 2003 brachte Roland die Idee einer Dire Straits Tributeband ins Spiel, stand jedoch selbst (obwohl er Schlagzeuger ist) nicht zur Verf\u00fcgung, spielte aber die damaligen ersten Demoaufnahmen am Schlagzeug ein. Jetzt, im Jahr 2018, gab es ein Wiedersehen mit ihm, und er stand erneut mit Wolfgang auf der B\u00fchne &#8211; diesmal als Fotograf. Wir freuen uns schon sehr auf die Fotos.<\/p>\n<p>Die heutigen Konzertfotos in diesem Tourbuch stammen im \u00dcbrigen von Tanja Apholz sowie Andre Sch\u00e4fer &#8211; vielen Dank daf\u00fcr!<\/p>\n<hr \/>\n<h3><img loading=\"lazy\" decoding=\"async\" class=\"alignnone size-full wp-image-5161\" src=\"https:\/\/direstrats.com\/wp-content\/uploads\/2018\/09\/3.jpg\" alt=\"\" width=\"1200\" height=\"675\" data-id=\"5161\" srcset=\"https:\/\/direstrats.com\/wp-content\/uploads\/2018\/09\/3.jpg 1200w, https:\/\/direstrats.com\/wp-content\/uploads\/2018\/09\/3-300x169.jpg 300w, https:\/\/direstrats.com\/wp-content\/uploads\/2018\/09\/3-768x432.jpg 768w, https:\/\/direstrats.com\/wp-content\/uploads\/2018\/09\/3-1024x576.jpg 1024w, https:\/\/direstrats.com\/wp-content\/uploads\/2018\/09\/3-600x338.jpg 600w\" sizes=\"auto, (max-width: 1200px) 100vw, 1200px\" \/><\/h3>\n<h3 class=\"uk-panel-title\">Backstage-Schiff<\/h3>\n<p class=\"uk-margin\">Unser Backstageraum befand sich im Bauch des Schiffes \u201eLine Hinsch\u201c. Unter Deck gab es f\u00fcr uns das Catering. Passt zu Bremerhaven \u2013 das gef\u00e4llt uns.<\/p>\n<h3>Walk Of Life mal anders&#8230;<\/h3>\n<p>Der isl\u00e4ndische Botschafter gab sich anl\u00e4\u00dflich der Islandtage die Ehre zu uns auf die B\u00fchne zu kommen um das Publikum zu begr\u00fc\u00dfen &#8211; das ganze innerhalb des Breaks bei &#8220;walk of life&#8221; &#8211; kurz vor der &#8220;Reprise&#8221; &#8211; er nutze seine Ansprache um das Publikum als auch uns den isl\u00e4ndischen Schlachtruf, bekannt durch die letzte Fussball-EM, beizubringen. Ein Probedurchgang und eine richtige Ausf\u00fchrung gab es dann &#8211; das Publikum hat dies super umgesetzt.<\/p>\n<hr \/>\n<h3><img loading=\"lazy\" decoding=\"async\" class=\"alignnone size-full wp-image-5162\" src=\"https:\/\/direstrats.com\/wp-content\/uploads\/2018\/09\/4.jpg\" alt=\"\" width=\"1200\" height=\"800\" data-id=\"5162\" srcset=\"https:\/\/direstrats.com\/wp-content\/uploads\/2018\/09\/4.jpg 1200w, https:\/\/direstrats.com\/wp-content\/uploads\/2018\/09\/4-300x200.jpg 300w, https:\/\/direstrats.com\/wp-content\/uploads\/2018\/09\/4-768x512.jpg 768w, https:\/\/direstrats.com\/wp-content\/uploads\/2018\/09\/4-1024x683.jpg 1024w, https:\/\/direstrats.com\/wp-content\/uploads\/2018\/09\/4-600x400.jpg 600w\" sizes=\"auto, (max-width: 1200px) 100vw, 1200px\" \/><\/h3>\n<h3 class=\"uk-panel-title\">Fotograf<\/h3>\n<p>Hier ist Roland in Aktion, und die sTRATS posen artig. Wenn schon neue Fotos, dann in Bremerhaven. Eine Studio-Foto-Session wird es zu einem sp\u00e4teren Zeitpunkt noch geben. Wir suchen noch nach einer passenden Location.<\/p>\n<hr \/>\n<h3><img loading=\"lazy\" decoding=\"async\" class=\"alignnone size-full wp-image-5163\" src=\"https:\/\/direstrats.com\/wp-content\/uploads\/2018\/09\/5.jpg\" alt=\"\" width=\"1200\" height=\"800\" data-id=\"5163\" srcset=\"https:\/\/direstrats.com\/wp-content\/uploads\/2018\/09\/5.jpg 1200w, https:\/\/direstrats.com\/wp-content\/uploads\/2018\/09\/5-300x200.jpg 300w, https:\/\/direstrats.com\/wp-content\/uploads\/2018\/09\/5-768x512.jpg 768w, https:\/\/direstrats.com\/wp-content\/uploads\/2018\/09\/5-1024x683.jpg 1024w, https:\/\/direstrats.com\/wp-content\/uploads\/2018\/09\/5-600x400.jpg 600w\" sizes=\"auto, (max-width: 1200px) 100vw, 1200px\" \/><\/h3>\n<h3 class=\"uk-panel-title\">Die Strats-Historie&#8230;.<\/h3>\n<p>Um die sTRATS-Geschichte in Kurzform einmal darzulegen:<\/p>\n<p>2000: Wolfgang lernt Roland (den Fotografen und damaligen Schlagzeuger) kennen.<\/p>\n<p>2001: Wolfgang lernt Thomas den Bassisten in einer Band kennen.<\/p>\n<p>2003: Roland treibt Wolfgang in die erste Dire Straits Coverband (in Hamburg) -&gt; eine erfahrungsreiche Todgeburt.<\/p>\n<p>2003: Wolfgang lernt als Aushilfsgitarrist Jens den Schlagzeuger bei einem Konzert (ja!) im Fischereihafen kennen.<\/p>\n<p>2004: Wolfgang, Jens und Thomas gr\u00fcnden die dIRE sTRATS -&gt; Peter kommt hinzu. Lars Leminski steigt ein und bleibt bis 2010 Keyboarder.<\/p>\n<p>2010: Tobi Blattmann ersetzt Lars an den Tasten<\/p>\n<p>2010: Der gro\u00dfartige Matze Schinkopf st\u00f6\u00dft als Saxophonspieler hinzu.<\/p>\n<p>2018: Es gibt uns immer noch\u2026 &#8211; \u2026 und wir genie\u00dfen es!<\/p>\n<hr \/>\n<h3><img loading=\"lazy\" decoding=\"async\" class=\"alignnone size-full wp-image-5164\" src=\"https:\/\/direstrats.com\/wp-content\/uploads\/2018\/09\/6.jpg\" alt=\"\" width=\"1200\" height=\"800\" data-id=\"5164\" srcset=\"https:\/\/direstrats.com\/wp-content\/uploads\/2018\/09\/6.jpg 1200w, https:\/\/direstrats.com\/wp-content\/uploads\/2018\/09\/6-300x200.jpg 300w, https:\/\/direstrats.com\/wp-content\/uploads\/2018\/09\/6-768x512.jpg 768w, https:\/\/direstrats.com\/wp-content\/uploads\/2018\/09\/6-1024x683.jpg 1024w, https:\/\/direstrats.com\/wp-content\/uploads\/2018\/09\/6-600x400.jpg 600w\" sizes=\"auto, (max-width: 1200px) 100vw, 1200px\" \/><\/h3>\n<h3 class=\"uk-panel-title\">Einen gro\u00dfen Dank an\u2026<\/h3>\n<p class=\"uk-margin\">alle Beteiligten, Fans und Veranstalter. Ein einmaliges Erlebnis in der Heimat.<\/p>\n","protected":false},"excerpt":{"rendered":"<p>30.08.18 \u2013 Bremerhaven \u2013 Open Air am Hafen Heimspiel in Bremerhaven! Was f\u00fcr ein Fest f\u00fcr uns. Wir spielen in der Regel einmal im Jahr in unserer Heimat. Das heutige Konzert wurde gesponsert und pr\u00e4sentiert von der Zeitschrift \u201eL\u00f6ppt\u201c. Unser Lieblings-PA-Verleih \u201eWeserstage\u201c hat uns sehr hochwertige Technik zur Verf\u00fcgung gestellt, unter anderem sogenannte \u201eDelay-Lines\u201c, Laufzeit-verz\u00f6gerungsboxen,&#8230;<\/p>\n","protected":false},"author":7,"featured_media":0,"comment_status":"closed","ping_status":"closed","sticky":false,"template":"","format":"standard","meta":{"ngg_post_thumbnail":0,"_jetpack_memberships_contains_paid_content":false,"footnotes":""},"categories":[14,26],"tags":[],"class_list":["post-5156","post","type-post","status-publish","format-standard","hentry","category-tourberichte","category-tourberichte-2018"],"yoast_head":"<!-- This site is optimized with the Yoast SEO plugin v27.2 - https:\/\/yoast.com\/product\/yoast-seo-wordpress\/ -->\n<title>30.08.18 - Bremerhaven - Direstrats<\/title>\n<meta name=\"robots\" content=\"index, follow, max-snippet:-1, max-image-preview:large, max-video-preview:-1\" \/>\n<link rel=\"canonical\" href=\"https:\/\/direstrats.com\/30-08-2018-bremerhaven-open-air\/\" \/>\n<meta property=\"og:locale\" content=\"en_US\" \/>\n<meta property=\"og:type\" content=\"article\" \/>\n<meta property=\"og:title\" content=\"30.08.18 - Bremerhaven - Direstrats\" \/>\n<meta property=\"og:description\" content=\"30.08.18 \u2013 Bremerhaven \u2013 Open Air am Hafen Heimspiel in Bremerhaven! Was f\u00fcr ein Fest f\u00fcr uns. Wir spielen in der Regel einmal im Jahr in unserer Heimat. Das heutige Konzert wurde gesponsert und pr\u00e4sentiert von der Zeitschrift \u201eL\u00f6ppt\u201c. Unser Lieblings-PA-Verleih \u201eWeserstage\u201c hat uns sehr hochwertige Technik zur Verf\u00fcgung gestellt, unter anderem sogenannte \u201eDelay-Lines\u201c, Laufzeit-verz\u00f6gerungsboxen,...\" \/>\n<meta property=\"og:url\" content=\"https:\/\/direstrats.com\/30-08-2018-bremerhaven-open-air\/\" \/>\n<meta property=\"og:site_name\" content=\"Direstrats\" \/>\n<meta property=\"article:publisher\" content=\"https:\/\/www.facebook.com\/share\/1JaH96mvPW\/?mibextid=wwXIfr\" \/>\n<meta property=\"article:published_time\" content=\"2018-09-02T06:05:27+00:00\" \/>\n<meta property=\"article:modified_time\" content=\"2018-09-02T20:06:00+00:00\" \/>\n<meta property=\"og:image\" content=\"https:\/\/direstrats.com\/wp-content\/uploads\/2018\/09\/1.jpg\" \/>\n<meta name=\"author\" content=\"dIRE sTRATS\" \/>\n<meta name=\"twitter:card\" content=\"summary_large_image\" \/>\n<meta name=\"twitter:label1\" content=\"Written by\" \/>\n\t<meta name=\"twitter:data1\" content=\"dIRE sTRATS\" \/>\n\t<meta name=\"twitter:label2\" content=\"Est. reading time\" \/>\n\t<meta name=\"twitter:data2\" content=\"3 minutes\" \/>\n<script type=\"application\/ld+json\" class=\"yoast-schema-graph\">{\"@context\":\"https:\/\/schema.org\",\"@graph\":[{\"@type\":\"Article\",\"@id\":\"https:\/\/direstrats.com\/30-08-2018-bremerhaven-open-air\/#article\",\"isPartOf\":{\"@id\":\"https:\/\/direstrats.com\/30-08-2018-bremerhaven-open-air\/\"},\"author\":{\"name\":\"dIRE sTRATS\",\"@id\":\"https:\/\/direstrats.com\/#\/schema\/person\/3c67182643f9014e236879a12be8d7eb\"},\"headline\":\"30.08.18 &#8211; Bremerhaven\",\"datePublished\":\"2018-09-02T06:05:27+00:00\",\"dateModified\":\"2018-09-02T20:06:00+00:00\",\"mainEntityOfPage\":{\"@id\":\"https:\/\/direstrats.com\/30-08-2018-bremerhaven-open-air\/\"},\"wordCount\":563,\"publisher\":{\"@id\":\"https:\/\/direstrats.com\/#organization\"},\"image\":{\"@id\":\"https:\/\/direstrats.com\/30-08-2018-bremerhaven-open-air\/#primaryimage\"},\"thumbnailUrl\":\"https:\/\/direstrats.com\/wp-content\/uploads\/2018\/09\/1.jpg\",\"articleSection\":[\"Tourberichte\",\"Tourberichte 2018\"],\"inLanguage\":\"en-US\"},{\"@type\":\"WebPage\",\"@id\":\"https:\/\/direstrats.com\/30-08-2018-bremerhaven-open-air\/\",\"url\":\"https:\/\/direstrats.com\/30-08-2018-bremerhaven-open-air\/\",\"name\":\"30.08.18 - Bremerhaven - Direstrats\",\"isPartOf\":{\"@id\":\"https:\/\/direstrats.com\/#website\"},\"primaryImageOfPage\":{\"@id\":\"https:\/\/direstrats.com\/30-08-2018-bremerhaven-open-air\/#primaryimage\"},\"image\":{\"@id\":\"https:\/\/direstrats.com\/30-08-2018-bremerhaven-open-air\/#primaryimage\"},\"thumbnailUrl\":\"https:\/\/direstrats.com\/wp-content\/uploads\/2018\/09\/1.jpg\",\"datePublished\":\"2018-09-02T06:05:27+00:00\",\"dateModified\":\"2018-09-02T20:06:00+00:00\",\"breadcrumb\":{\"@id\":\"https:\/\/direstrats.com\/30-08-2018-bremerhaven-open-air\/#breadcrumb\"},\"inLanguage\":\"en-US\",\"potentialAction\":[{\"@type\":\"ReadAction\",\"target\":[\"https:\/\/direstrats.com\/30-08-2018-bremerhaven-open-air\/\"]}]},{\"@type\":\"ImageObject\",\"inLanguage\":\"en-US\",\"@id\":\"https:\/\/direstrats.com\/30-08-2018-bremerhaven-open-air\/#primaryimage\",\"url\":\"https:\/\/direstrats.com\/wp-content\/uploads\/2018\/09\/1.jpg\",\"contentUrl\":\"https:\/\/direstrats.com\/wp-content\/uploads\/2018\/09\/1.jpg\"},{\"@type\":\"BreadcrumbList\",\"@id\":\"https:\/\/direstrats.com\/30-08-2018-bremerhaven-open-air\/#breadcrumb\",\"itemListElement\":[{\"@type\":\"ListItem\",\"position\":1,\"name\":\"Startseite\",\"item\":\"https:\/\/direstrats.com\/\"},{\"@type\":\"ListItem\",\"position\":2,\"name\":\"30.08.18 &#8211; Bremerhaven\"}]},{\"@type\":\"WebSite\",\"@id\":\"https:\/\/direstrats.com\/#website\",\"url\":\"https:\/\/direstrats.com\/\",\"name\":\"Direstrats\",\"description\":\"\",\"publisher\":{\"@id\":\"https:\/\/direstrats.com\/#organization\"},\"potentialAction\":[{\"@type\":\"SearchAction\",\"target\":{\"@type\":\"EntryPoint\",\"urlTemplate\":\"https:\/\/direstrats.com\/?s={search_term_string}\"},\"query-input\":{\"@type\":\"PropertyValueSpecification\",\"valueRequired\":true,\"valueName\":\"search_term_string\"}}],\"inLanguage\":\"en-US\"},{\"@type\":\"Organization\",\"@id\":\"https:\/\/direstrats.com\/#organization\",\"name\":\"Direstrats\",\"url\":\"https:\/\/direstrats.com\/\",\"logo\":{\"@type\":\"ImageObject\",\"inLanguage\":\"en-US\",\"@id\":\"https:\/\/direstrats.com\/#\/schema\/logo\/image\/\",\"url\":\"https:\/\/direstrats.com\/wp-content\/uploads\/2025\/12\/dIREsTRATS_logo_star-1024x768.png\",\"contentUrl\":\"https:\/\/direstrats.com\/wp-content\/uploads\/2025\/12\/dIREsTRATS_logo_star-1024x768.png\",\"width\":1024,\"height\":768,\"caption\":\"Direstrats\"},\"image\":{\"@id\":\"https:\/\/direstrats.com\/#\/schema\/logo\/image\/\"},\"sameAs\":[\"https:\/\/www.facebook.com\/share\/1JaH96mvPW\/?mibextid=wwXIfr\"]},{\"@type\":\"Person\",\"@id\":\"https:\/\/direstrats.com\/#\/schema\/person\/3c67182643f9014e236879a12be8d7eb\",\"name\":\"dIRE sTRATS\",\"image\":{\"@type\":\"ImageObject\",\"inLanguage\":\"en-US\",\"@id\":\"https:\/\/secure.gravatar.com\/avatar\/90664c98349ab000f7a1fc65d4e4710dd295e38fb375bdabf13f83bd12dc8d58?s=96&d=mm&r=g\",\"url\":\"https:\/\/secure.gravatar.com\/avatar\/90664c98349ab000f7a1fc65d4e4710dd295e38fb375bdabf13f83bd12dc8d58?s=96&d=mm&r=g\",\"contentUrl\":\"https:\/\/secure.gravatar.com\/avatar\/90664c98349ab000f7a1fc65d4e4710dd295e38fb375bdabf13f83bd12dc8d58?s=96&d=mm&r=g\",\"caption\":\"dIRE sTRATS\"},\"url\":\"https:\/\/direstrats.com\/en\/author\/direstrats\/\"}]}<\/script>\n<!-- \/ Yoast SEO plugin. -->","yoast_head_json":{"title":"30.08.18 - Bremerhaven - Direstrats","robots":{"index":"index","follow":"follow","max-snippet":"max-snippet:-1","max-image-preview":"max-image-preview:large","max-video-preview":"max-video-preview:-1"},"canonical":"https:\/\/direstrats.com\/30-08-2018-bremerhaven-open-air\/","og_locale":"en_US","og_type":"article","og_title":"30.08.18 - Bremerhaven - Direstrats","og_description":"30.08.18 \u2013 Bremerhaven \u2013 Open Air am Hafen Heimspiel in Bremerhaven! Was f\u00fcr ein Fest f\u00fcr uns. Wir spielen in der Regel einmal im Jahr in unserer Heimat. Das heutige Konzert wurde gesponsert und pr\u00e4sentiert von der Zeitschrift \u201eL\u00f6ppt\u201c. Unser Lieblings-PA-Verleih \u201eWeserstage\u201c hat uns sehr hochwertige Technik zur Verf\u00fcgung gestellt, unter anderem sogenannte \u201eDelay-Lines\u201c, Laufzeit-verz\u00f6gerungsboxen,...","og_url":"https:\/\/direstrats.com\/30-08-2018-bremerhaven-open-air\/","og_site_name":"Direstrats","article_publisher":"https:\/\/www.facebook.com\/share\/1JaH96mvPW\/?mibextid=wwXIfr","article_published_time":"2018-09-02T06:05:27+00:00","article_modified_time":"2018-09-02T20:06:00+00:00","og_image":[{"url":"https:\/\/direstrats.com\/wp-content\/uploads\/2018\/09\/1.jpg","type":"","width":"","height":""}],"author":"dIRE sTRATS","twitter_card":"summary_large_image","twitter_misc":{"Written by":"dIRE sTRATS","Est. reading time":"3 minutes"},"schema":{"@context":"https:\/\/schema.org","@graph":[{"@type":"Article","@id":"https:\/\/direstrats.com\/30-08-2018-bremerhaven-open-air\/#article","isPartOf":{"@id":"https:\/\/direstrats.com\/30-08-2018-bremerhaven-open-air\/"},"author":{"name":"dIRE sTRATS","@id":"https:\/\/direstrats.com\/#\/schema\/person\/3c67182643f9014e236879a12be8d7eb"},"headline":"30.08.18 &#8211; Bremerhaven","datePublished":"2018-09-02T06:05:27+00:00","dateModified":"2018-09-02T20:06:00+00:00","mainEntityOfPage":{"@id":"https:\/\/direstrats.com\/30-08-2018-bremerhaven-open-air\/"},"wordCount":563,"publisher":{"@id":"https:\/\/direstrats.com\/#organization"},"image":{"@id":"https:\/\/direstrats.com\/30-08-2018-bremerhaven-open-air\/#primaryimage"},"thumbnailUrl":"https:\/\/direstrats.com\/wp-content\/uploads\/2018\/09\/1.jpg","articleSection":["Tourberichte","Tourberichte 2018"],"inLanguage":"en-US"},{"@type":"WebPage","@id":"https:\/\/direstrats.com\/30-08-2018-bremerhaven-open-air\/","url":"https:\/\/direstrats.com\/30-08-2018-bremerhaven-open-air\/","name":"30.08.18 - Bremerhaven - Direstrats","isPartOf":{"@id":"https:\/\/direstrats.com\/#website"},"primaryImageOfPage":{"@id":"https:\/\/direstrats.com\/30-08-2018-bremerhaven-open-air\/#primaryimage"},"image":{"@id":"https:\/\/direstrats.com\/30-08-2018-bremerhaven-open-air\/#primaryimage"},"thumbnailUrl":"https:\/\/direstrats.com\/wp-content\/uploads\/2018\/09\/1.jpg","datePublished":"2018-09-02T06:05:27+00:00","dateModified":"2018-09-02T20:06:00+00:00","breadcrumb":{"@id":"https:\/\/direstrats.com\/30-08-2018-bremerhaven-open-air\/#breadcrumb"},"inLanguage":"en-US","potentialAction":[{"@type":"ReadAction","target":["https:\/\/direstrats.com\/30-08-2018-bremerhaven-open-air\/"]}]},{"@type":"ImageObject","inLanguage":"en-US","@id":"https:\/\/direstrats.com\/30-08-2018-bremerhaven-open-air\/#primaryimage","url":"https:\/\/direstrats.com\/wp-content\/uploads\/2018\/09\/1.jpg","contentUrl":"https:\/\/direstrats.com\/wp-content\/uploads\/2018\/09\/1.jpg"},{"@type":"BreadcrumbList","@id":"https:\/\/direstrats.com\/30-08-2018-bremerhaven-open-air\/#breadcrumb","itemListElement":[{"@type":"ListItem","position":1,"name":"Startseite","item":"https:\/\/direstrats.com\/"},{"@type":"ListItem","position":2,"name":"30.08.18 &#8211; Bremerhaven"}]},{"@type":"WebSite","@id":"https:\/\/direstrats.com\/#website","url":"https:\/\/direstrats.com\/","name":"Direstrats","description":"","publisher":{"@id":"https:\/\/direstrats.com\/#organization"},"potentialAction":[{"@type":"SearchAction","target":{"@type":"EntryPoint","urlTemplate":"https:\/\/direstrats.com\/?s={search_term_string}"},"query-input":{"@type":"PropertyValueSpecification","valueRequired":true,"valueName":"search_term_string"}}],"inLanguage":"en-US"},{"@type":"Organization","@id":"https:\/\/direstrats.com\/#organization","name":"Direstrats","url":"https:\/\/direstrats.com\/","logo":{"@type":"ImageObject","inLanguage":"en-US","@id":"https:\/\/direstrats.com\/#\/schema\/logo\/image\/","url":"https:\/\/direstrats.com\/wp-content\/uploads\/2025\/12\/dIREsTRATS_logo_star-1024x768.png","contentUrl":"https:\/\/direstrats.com\/wp-content\/uploads\/2025\/12\/dIREsTRATS_logo_star-1024x768.png","width":1024,"height":768,"caption":"Direstrats"},"image":{"@id":"https:\/\/direstrats.com\/#\/schema\/logo\/image\/"},"sameAs":["https:\/\/www.facebook.com\/share\/1JaH96mvPW\/?mibextid=wwXIfr"]},{"@type":"Person","@id":"https:\/\/direstrats.com\/#\/schema\/person\/3c67182643f9014e236879a12be8d7eb","name":"dIRE sTRATS","image":{"@type":"ImageObject","inLanguage":"en-US","@id":"https:\/\/secure.gravatar.com\/avatar\/90664c98349ab000f7a1fc65d4e4710dd295e38fb375bdabf13f83bd12dc8d58?s=96&d=mm&r=g","url":"https:\/\/secure.gravatar.com\/avatar\/90664c98349ab000f7a1fc65d4e4710dd295e38fb375bdabf13f83bd12dc8d58?s=96&d=mm&r=g","contentUrl":"https:\/\/secure.gravatar.com\/avatar\/90664c98349ab000f7a1fc65d4e4710dd295e38fb375bdabf13f83bd12dc8d58?s=96&d=mm&r=g","caption":"dIRE sTRATS"},"url":"https:\/\/direstrats.com\/en\/author\/direstrats\/"}]}},"jetpack_featured_media_url":"","jetpack_sharing_enabled":true,"_links":{"self":[{"href":"https:\/\/direstrats.com\/en\/wp-json\/wp\/v2\/posts\/5156","targetHints":{"allow":["GET"]}}],"collection":[{"href":"https:\/\/direstrats.com\/en\/wp-json\/wp\/v2\/posts"}],"about":[{"href":"https:\/\/direstrats.com\/en\/wp-json\/wp\/v2\/types\/post"}],"author":[{"embeddable":true,"href":"https:\/\/direstrats.com\/en\/wp-json\/wp\/v2\/users\/7"}],"replies":[{"embeddable":true,"href":"https:\/\/direstrats.com\/en\/wp-json\/wp\/v2\/comments?post=5156"}],"version-history":[{"count":5,"href":"https:\/\/direstrats.com\/en\/wp-json\/wp\/v2\/posts\/5156\/revisions"}],"predecessor-version":[{"id":5178,"href":"https:\/\/direstrats.com\/en\/wp-json\/wp\/v2\/posts\/5156\/revisions\/5178"}],"wp:attachment":[{"href":"https:\/\/direstrats.com\/en\/wp-json\/wp\/v2\/media?parent=5156"}],"wp:term":[{"taxonomy":"category","embeddable":true,"href":"https:\/\/direstrats.com\/en\/wp-json\/wp\/v2\/categories?post=5156"},{"taxonomy":"post_tag","embeddable":true,"href":"https:\/\/direstrats.com\/en\/wp-json\/wp\/v2\/tags?post=5156"}],"curies":[{"name":"wp","href":"https:\/\/api.w.org\/{rel}","templated":true}]}}