{"id":162603,"date":"2009-10-11T12:20:01","date_gmt":"2009-10-11T10:20:01","guid":{"rendered":"http:\/\/direstrats.com\/?p=162603"},"modified":"2019-07-23T06:51:56","modified_gmt":"2019-07-23T04:51:56","slug":"09-10-10-10-09-bremerhaven","status":"publish","type":"post","link":"https:\/\/direstrats.com\/en\/09-10-10-10-09-bremerhaven\/","title":{"rendered":"09.10. &#038; 10.10.09 &#8211; Bremerhaven"},"content":{"rendered":"<p><\/p>\n<h3><img loading=\"lazy\" decoding=\"async\" class=\"alignnone size-full wp-image-162606\" src=\"https:\/\/direstrats.com\/wp-content\/uploads\/2019\/07\/2009_Bhv_01.jpg\" alt=\"\" width=\"674\" height=\"449\" data-id=\"162606\" srcset=\"https:\/\/direstrats.com\/wp-content\/uploads\/2019\/07\/2009_Bhv_01.jpg 674w, https:\/\/direstrats.com\/wp-content\/uploads\/2019\/07\/2009_Bhv_01-300x200.jpg 300w, https:\/\/direstrats.com\/wp-content\/uploads\/2019\/07\/2009_Bhv_01-600x400.jpg 600w\" sizes=\"auto, (max-width: 674px) 100vw, 674px\" \/><\/h3>\n<h3><strong><span style=\"font-family: Arial, Helvetica, sans-serif;\">Theater im Fischereihafen<\/span><\/strong><\/h3>\n<p>Fotos: Antje Schimanke<\/p>\n<p><span style=\"font-family: Arial, Helvetica, sans-serif;\">TIF &#8211; &#8220;Sold Out&#8221; an zwei Tagen mit 600 verkauften Tickets.<\/span><\/p>\n<p><span style=\"font-family: Arial, Helvetica, sans-serif;\">Vielen Dank an alle Gastmusiker, Zuschauer, Mitorganisatoren, Edelfans und sonstige Beteiligte f\u00fcr diese beiden wundervollen Abende. Die ganze Arbeit der Vorbereitung hat sich gelohnt!<\/span><\/p>\n<p>&nbsp;<\/p>\n<p><span style=\"font-family: Arial, Helvetica, sans-serif;\">Anl\u00e4sslich von 5 Jahren dIRE sTRATS ist der Eintrag etwas l\u00e4nger &#8211; also etwas Zeit zum Angucken und Lesen mitbringen&#8230;<\/span><\/p>\n<p><img loading=\"lazy\" decoding=\"async\" class=\"alignnone size-full wp-image-162615\" src=\"https:\/\/direstrats.com\/wp-content\/uploads\/2019\/07\/2009_Bhv_02.jpg\" alt=\"\" width=\"674\" height=\"449\" data-id=\"162615\" srcset=\"https:\/\/direstrats.com\/wp-content\/uploads\/2019\/07\/2009_Bhv_02.jpg 674w, https:\/\/direstrats.com\/wp-content\/uploads\/2019\/07\/2009_Bhv_02-300x200.jpg 300w, https:\/\/direstrats.com\/wp-content\/uploads\/2019\/07\/2009_Bhv_02-600x400.jpg 600w\" sizes=\"auto, (max-width: 674px) 100vw, 674px\" \/><\/p>\n<p>Musikalisch gefeiert haben wir mit 7 Gastmusikern, die zu unterschiedlichen Zeiten der Konzerte auf der B\u00fchne standen. Bei wenigen Songs standen wir mit 8 Personen zeitgleich auf der B\u00fchne.<\/p>\n<h3>\u00a0\u00a0\u00a0\u00a0<img loading=\"lazy\" decoding=\"async\" class=\"alignnone size-full wp-image-162635\" src=\"https:\/\/direstrats.com\/wp-content\/uploads\/2019\/07\/2009_Bhv_07.jpg\" alt=\"\" width=\"449\" height=\"674\" data-id=\"162635\" srcset=\"https:\/\/direstrats.com\/wp-content\/uploads\/2019\/07\/2009_Bhv_07.jpg 449w, https:\/\/direstrats.com\/wp-content\/uploads\/2019\/07\/2009_Bhv_07-200x300.jpg 200w\" sizes=\"auto, (max-width: 449px) 100vw, 449px\" \/><\/h3>\n<p><span style=\"font-family: Arial, Helvetica, sans-serif;\">Mike Lindner:<\/span><\/p>\n<p><span style=\"font-family: Arial, Helvetica, sans-serif;\">Mike ist unsere Gelegenheitserg\u00e4nzung. Er spielt die in Deutschland seltene &#8220;Pedal-Steel-Gitarre&#8221;.<\/span><\/p>\n<p><span style=\"font-family: Arial, Helvetica, sans-serif;\">Seine (und somit auch unsere) Highlights sind &#8220;Walk of life&#8221; und &#8220;Brothers in arms&#8221;. Ihn haben wir zu besonderen Anl\u00e4ssen seit\u00a0<a href=\"..\/..\/..\/Tourtagebuch\/04 2008\/10-17-08 Bremerhaven Takelage\/17.10.08 Takelage.htm\" target=\"_parent\" rel=\"noopener noreferrer\">2008\u00a0<\/a>im Gep\u00e4ck.<\/span><\/p>\n<h3><img loading=\"lazy\" decoding=\"async\" class=\"alignnone size-full wp-image-162638\" src=\"https:\/\/direstrats.com\/wp-content\/uploads\/2019\/07\/2009_Bhv_10.jpg\" alt=\"\" width=\"674\" height=\"449\" data-id=\"162638\" srcset=\"https:\/\/direstrats.com\/wp-content\/uploads\/2019\/07\/2009_Bhv_10.jpg 674w, https:\/\/direstrats.com\/wp-content\/uploads\/2019\/07\/2009_Bhv_10-300x200.jpg 300w, https:\/\/direstrats.com\/wp-content\/uploads\/2019\/07\/2009_Bhv_10-600x400.jpg 600w\" sizes=\"auto, (max-width: 674px) 100vw, 674px\" \/><\/h3>\n<p>Die letzten beiden Songs der Abende verbrachten alle Gastmusiker auf der B\u00fchne.<\/p>\n<h3><img loading=\"lazy\" decoding=\"async\" class=\"alignnone size-full wp-image-162640\" src=\"https:\/\/direstrats.com\/wp-content\/uploads\/2019\/07\/2009_Bhv_11.jpg\" alt=\"\" width=\"697\" height=\"523\" data-id=\"162640\" srcset=\"https:\/\/direstrats.com\/wp-content\/uploads\/2019\/07\/2009_Bhv_11.jpg 697w, https:\/\/direstrats.com\/wp-content\/uploads\/2019\/07\/2009_Bhv_11-300x225.jpg 300w, https:\/\/direstrats.com\/wp-content\/uploads\/2019\/07\/2009_Bhv_11-600x450.jpg 600w\" sizes=\"auto, (max-width: 697px) 100vw, 697px\" \/><\/h3>\n<p><span style=\"font-family: Arial, Helvetica, sans-serif;\">Sitzpublikum im TIF:<\/span><\/p>\n<p><span style=\"font-family: Arial, Helvetica, sans-serif;\">Beide Male war es voll.<\/span><\/p>\n<p><span style=\"font-family: Arial, Helvetica, sans-serif;\">Der Samstag hat den Freitag von der Atmosph\u00e4re her getoppt. Den Startschuss gab &#8220;Sultans of swing&#8221;. Fortan war das Konzert an vielen Stellen ein Stehkonzert.<\/span><\/p>\n<p><span style=\"font-family: Arial, Helvetica, sans-serif;\">Zu anderen Passagen der Konzerte war es hingegen so ruhig, dass man eine Stecknadel h\u00e4tte fallen h\u00f6ren k\u00f6nnen. Unser ruhiger Rausschmei\u00dfersong &#8220;Wild theme&#8221; war somit so emotional und dynamisch wie selten.<\/span><\/p>\n<h3><img loading=\"lazy\" decoding=\"async\" class=\"alignnone size-full wp-image-162650\" src=\"https:\/\/direstrats.com\/wp-content\/uploads\/2019\/07\/2009_Bhv_12.jpg\" alt=\"\" width=\"674\" height=\"449\" data-id=\"162650\" srcset=\"https:\/\/direstrats.com\/wp-content\/uploads\/2019\/07\/2009_Bhv_12.jpg 674w, https:\/\/direstrats.com\/wp-content\/uploads\/2019\/07\/2009_Bhv_12-300x200.jpg 300w, https:\/\/direstrats.com\/wp-content\/uploads\/2019\/07\/2009_Bhv_12-600x400.jpg 600w\" sizes=\"auto, (max-width: 674px) 100vw, 674px\" \/><\/h3>\n<p><span style=\"font-family: Arial, Helvetica, sans-serif;\">So sah es beim Soundcheck aus. Lars (als B\u00fchnenbeauftragter, der gegen freiliegende Kabel allergisch reagiert) war stolz auf uns.<\/span><\/p>\n<p>&nbsp;<\/p>\n<p><span style=\"font-family: Arial, Helvetica, sans-serif;\">Und Wolle und Peter waren stolz auf die Pr\u00e4sentation der Gitarrensammlung. Da wird man als Gitarrist ganz schwach&#8230; Die Gitarre ist und bleibt nunmal das optisch sch\u00f6nste Instrument (finden zumindest Gitarristen)!<\/span><\/p>\n<h3><img loading=\"lazy\" decoding=\"async\" class=\"alignnone size-full wp-image-162658\" src=\"https:\/\/direstrats.com\/wp-content\/uploads\/2019\/07\/2009_Bhv_13.jpg\" alt=\"\" width=\"674\" height=\"449\" data-id=\"162658\" srcset=\"https:\/\/direstrats.com\/wp-content\/uploads\/2019\/07\/2009_Bhv_13.jpg 674w, https:\/\/direstrats.com\/wp-content\/uploads\/2019\/07\/2009_Bhv_13-300x200.jpg 300w, https:\/\/direstrats.com\/wp-content\/uploads\/2019\/07\/2009_Bhv_13-600x400.jpg 600w\" sizes=\"auto, (max-width: 674px) 100vw, 674px\" \/> <img loading=\"lazy\" decoding=\"async\" class=\"alignnone size-full wp-image-162664\" src=\"https:\/\/direstrats.com\/wp-content\/uploads\/2019\/07\/2009_Bhv_14.jpg\" alt=\"\" width=\"449\" height=\"674\" data-id=\"162664\" srcset=\"https:\/\/direstrats.com\/wp-content\/uploads\/2019\/07\/2009_Bhv_14.jpg 449w, https:\/\/direstrats.com\/wp-content\/uploads\/2019\/07\/2009_Bhv_14-200x300.jpg 200w\" sizes=\"auto, (max-width: 449px) 100vw, 449px\" \/><\/h3>\n<p align=\"center\"><span style=\"font-family: Arial, Helvetica, sans-serif;\">Wolle:<\/span><\/p>\n<p align=\"center\"><span style=\"font-family: Arial, Helvetica, sans-serif;\">Hatte die Schnapsidee (sozusagen den Wei\u00dfweingedanken)<\/span><\/p>\n<h3><img loading=\"lazy\" decoding=\"async\" class=\"alignnone size-full wp-image-162668\" src=\"https:\/\/direstrats.com\/wp-content\/uploads\/2019\/07\/2009_Bhv_15.jpg\" alt=\"\" width=\"449\" height=\"674\" data-id=\"162668\" srcset=\"https:\/\/direstrats.com\/wp-content\/uploads\/2019\/07\/2009_Bhv_15.jpg 449w, https:\/\/direstrats.com\/wp-content\/uploads\/2019\/07\/2009_Bhv_15-200x300.jpg 200w\" sizes=\"auto, (max-width: 449px) 100vw, 449px\" \/><\/h3>\n<p align=\"center\"><span style=\"font-family: Arial, Helvetica, sans-serif;\">Thomas:<\/span><\/p>\n<p align=\"center\"><span style=\"font-family: Arial, Helvetica, sans-serif;\">War schwer zu \u00fcberzeugen &#8211; hat dann aber aus Mitleid mitgemacht. Mitlerweile hat er Spa\u00df daran&#8230; (die Frage bleibt: Am Musikmachen oder am B\u00e4ssekaufen?)<\/span><\/p>\n<p align=\"center\">\n<p align=\"center\"><span style=\"font-family: Arial, Helvetica, sans-serif;\">Peter:<\/span><\/p>\n<p align=\"center\"><span style=\"font-family: Arial, Helvetica, sans-serif;\">Wurde per Google-Suche aufgetrieben. Seine andere Band hat er deswegen verlassen &#8211; es gibt schlie\u00dflich noch andere &#8220;Ozeane&#8221;, auf denen man segeln kann.<\/span><\/p>\n<h3><img loading=\"lazy\" decoding=\"async\" class=\"alignnone size-full wp-image-162670\" src=\"https:\/\/direstrats.com\/wp-content\/uploads\/2019\/07\/2009_Bhv_17.jpg\" alt=\"\" width=\"449\" height=\"674\" data-id=\"162670\" srcset=\"https:\/\/direstrats.com\/wp-content\/uploads\/2019\/07\/2009_Bhv_17.jpg 449w, https:\/\/direstrats.com\/wp-content\/uploads\/2019\/07\/2009_Bhv_17-200x300.jpg 200w\" sizes=\"auto, (max-width: 449px) 100vw, 449px\" \/><\/h3>\n<p align=\"center\"><span style=\"font-family: Arial, Helvetica, sans-serif;\">Jens:<\/span><\/p>\n<p align=\"center\"><span style=\"font-family: Arial, Helvetica, sans-serif;\">Wurde in seiner eigenen K\u00fcche zu seinem Gl\u00fcck und Ungl\u00fcck \u00fcberredet. Sein Zitat von 2004: &#8220;Das Booking mach ich aber nicht&#8221; (man lernt daraus: Immer erstmal gut zureden und hinterher die Anspr\u00fcche hochschrauben&#8230;)<\/span><\/p>\n<h3><img loading=\"lazy\" decoding=\"async\" class=\"alignnone size-full wp-image-162671\" src=\"https:\/\/direstrats.com\/wp-content\/uploads\/2019\/07\/2009_Bhv_18.jpg\" alt=\"\" width=\"523\" height=\"697\" data-id=\"162671\" srcset=\"https:\/\/direstrats.com\/wp-content\/uploads\/2019\/07\/2009_Bhv_18.jpg 523w, https:\/\/direstrats.com\/wp-content\/uploads\/2019\/07\/2009_Bhv_18-225x300.jpg 225w\" sizes=\"auto, (max-width: 523px) 100vw, 523px\" \/><\/h3>\n<p><span style=\"font-family: Arial, Helvetica, sans-serif;\">Zum Jubil\u00e4um kam auch der Edelfanclub mit samt Anhang und Geschenken aus vielen Ecken Deutschlands.<\/span><\/p>\n<p><span style=\"font-family: Arial, Helvetica, sans-serif;\">Uli aus Aachen (intern auch Wei\u00dfwein-Uli genannt) hat wieder einmal mit 5 Fl\u00e4schchen den Nerv der sTRATS getroffen (man achte auf den Namen des Weins)..<\/span><\/p>\n<p><span style=\"font-family: Arial, Helvetica, sans-serif;\">Auch andere kreative Geschenke, wie z.B. Rastst\u00e4ttengutscheine (nein &#8211; nicht &#8220;Sanifair&#8221; &#8211; sondern Essen) oder dIRE sTRATS Lasergravuren im Glas&#8230; unglaublich&#8230; haben uns sehr \u00fcberrascht und erfreut.<\/span><\/p>\n<h3><img loading=\"lazy\" decoding=\"async\" class=\"alignnone size-full wp-image-162672\" src=\"https:\/\/direstrats.com\/wp-content\/uploads\/2019\/07\/2009_Bhv_19.jpg\" alt=\"\" width=\"523\" height=\"697\" data-id=\"162672\" srcset=\"https:\/\/direstrats.com\/wp-content\/uploads\/2019\/07\/2009_Bhv_19.jpg 523w, https:\/\/direstrats.com\/wp-content\/uploads\/2019\/07\/2009_Bhv_19-225x300.jpg 225w\" sizes=\"auto, (max-width: 523px) 100vw, 523px\" \/><\/h3>\n<p><span style=\"font-family: Arial, Helvetica, sans-serif;\">Da kam doch direkt nach dem Soundcheck von &#8220;Brothers in arms&#8221; ein Schmetterling in sunburst (das ist die Farbbezeichnung dieses Gitarrenfarbtons) angeflogen und setzte sich auf den Hals der &#8220;Les Paul&#8221;.<\/span><\/p>\n<p><span style=\"font-family: Arial, Helvetica, sans-serif;\">Und das im Oktober und im Innenraum!<\/span><\/p>\n<p><span style=\"font-family: Arial, Helvetica, sans-serif;\">M\u00f6glicherweise ist es symbolisch f\u00fcr die beiden sch\u00f6nen Tage, die wir verbracht haben!<\/span><\/p>\n<p>&nbsp;<\/p>\n<p><span style=\"font-family: Arial, Helvetica, sans-serif;\">Vielen Dank!<\/span><\/p>","protected":false},"excerpt":{"rendered":"<p>Theater im Fischereihafen Fotos: Antje Schimanke TIF &#8211; &#8220;Sold Out&#8221; an zwei Tagen mit 600 verkauften Tickets. Vielen Dank an alle Gastmusiker, Zuschauer, Mitorganisatoren, Edelfans und sonstige Beteiligte f\u00fcr diese beiden wundervollen Abende. Die ganze Arbeit der Vorbereitung hat sich gelohnt! &nbsp; Anl\u00e4sslich von 5 Jahren dIRE sTRATS ist der Eintrag etwas l\u00e4nger &#8211; also&#8230;<\/p>\n","protected":false},"author":3,"featured_media":0,"comment_status":"closed","ping_status":"closed","sticky":false,"template":"","format":"standard","meta":{"ngg_post_thumbnail":0,"_jetpack_memberships_contains_paid_content":false,"footnotes":""},"categories":[14,17],"tags":[],"class_list":["post-162603","post","type-post","status-publish","format-standard","hentry","category-tourberichte","category-tourberichte-2009"],"yoast_head":"<!-- This site is optimized with the Yoast SEO plugin v27.2 - https:\/\/yoast.com\/product\/yoast-seo-wordpress\/ -->\n<title>09.10. &amp; 10.10.09 - Bremerhaven - Direstrats<\/title>\n<meta name=\"robots\" content=\"index, follow, max-snippet:-1, max-image-preview:large, max-video-preview:-1\" \/>\n<link rel=\"canonical\" href=\"https:\/\/direstrats.com\/09-10-10-10-09-bremerhaven\/\" \/>\n<meta property=\"og:locale\" content=\"en_US\" \/>\n<meta property=\"og:type\" content=\"article\" \/>\n<meta property=\"og:title\" content=\"09.10. &amp; 10.10.09 - Bremerhaven - Direstrats\" \/>\n<meta property=\"og:description\" content=\"Theater im Fischereihafen Fotos: Antje Schimanke TIF &#8211; &#8220;Sold Out&#8221; an zwei Tagen mit 600 verkauften Tickets. Vielen Dank an alle Gastmusiker, Zuschauer, Mitorganisatoren, Edelfans und sonstige Beteiligte f\u00fcr diese beiden wundervollen Abende. Die ganze Arbeit der Vorbereitung hat sich gelohnt! &nbsp; Anl\u00e4sslich von 5 Jahren dIRE sTRATS ist der Eintrag etwas l\u00e4nger &#8211; also...\" \/>\n<meta property=\"og:url\" content=\"https:\/\/direstrats.com\/09-10-10-10-09-bremerhaven\/\" \/>\n<meta property=\"og:site_name\" content=\"Direstrats\" \/>\n<meta property=\"article:publisher\" content=\"https:\/\/www.facebook.com\/share\/1JaH96mvPW\/?mibextid=wwXIfr\" \/>\n<meta property=\"article:published_time\" content=\"2009-10-11T10:20:01+00:00\" \/>\n<meta property=\"article:modified_time\" content=\"2019-07-23T04:51:56+00:00\" \/>\n<meta property=\"og:image\" content=\"https:\/\/direstrats.com\/wp-content\/uploads\/2019\/07\/2009_Bhv_01.jpg\" \/>\n<meta name=\"author\" content=\"Wolfgang Uhlich\" \/>\n<meta name=\"twitter:card\" content=\"summary_large_image\" \/>\n<meta name=\"twitter:label1\" content=\"Written by\" \/>\n\t<meta name=\"twitter:data1\" content=\"Wolfgang Uhlich\" \/>\n\t<meta name=\"twitter:label2\" content=\"Est. reading time\" \/>\n\t<meta name=\"twitter:data2\" content=\"5 minutes\" \/>\n<script type=\"application\/ld+json\" class=\"yoast-schema-graph\">{\"@context\":\"https:\/\/schema.org\",\"@graph\":[{\"@type\":\"Article\",\"@id\":\"https:\/\/direstrats.com\/09-10-10-10-09-bremerhaven\/#article\",\"isPartOf\":{\"@id\":\"https:\/\/direstrats.com\/09-10-10-10-09-bremerhaven\/\"},\"author\":{\"name\":\"Wolfgang Uhlich\",\"@id\":\"https:\/\/direstrats.com\/#\/schema\/person\/8cbb793335b8def966088e13b196b6a1\"},\"headline\":\"09.10. &#038; 10.10.09 &#8211; Bremerhaven\",\"datePublished\":\"2009-10-11T10:20:01+00:00\",\"dateModified\":\"2019-07-23T04:51:56+00:00\",\"mainEntityOfPage\":{\"@id\":\"https:\/\/direstrats.com\/09-10-10-10-09-bremerhaven\/\"},\"wordCount\":986,\"publisher\":{\"@id\":\"https:\/\/direstrats.com\/#organization\"},\"image\":{\"@id\":\"https:\/\/direstrats.com\/09-10-10-10-09-bremerhaven\/#primaryimage\"},\"thumbnailUrl\":\"https:\/\/direstrats.com\/wp-content\/uploads\/2019\/07\/2009_Bhv_01.jpg\",\"articleSection\":[\"Tourberichte\",\"Tourberichte 2009\"],\"inLanguage\":\"en-US\"},{\"@type\":\"WebPage\",\"@id\":\"https:\/\/direstrats.com\/09-10-10-10-09-bremerhaven\/\",\"url\":\"https:\/\/direstrats.com\/09-10-10-10-09-bremerhaven\/\",\"name\":\"09.10. & 10.10.09 - Bremerhaven - Direstrats\",\"isPartOf\":{\"@id\":\"https:\/\/direstrats.com\/#website\"},\"primaryImageOfPage\":{\"@id\":\"https:\/\/direstrats.com\/09-10-10-10-09-bremerhaven\/#primaryimage\"},\"image\":{\"@id\":\"https:\/\/direstrats.com\/09-10-10-10-09-bremerhaven\/#primaryimage\"},\"thumbnailUrl\":\"https:\/\/direstrats.com\/wp-content\/uploads\/2019\/07\/2009_Bhv_01.jpg\",\"datePublished\":\"2009-10-11T10:20:01+00:00\",\"dateModified\":\"2019-07-23T04:51:56+00:00\",\"breadcrumb\":{\"@id\":\"https:\/\/direstrats.com\/09-10-10-10-09-bremerhaven\/#breadcrumb\"},\"inLanguage\":\"en-US\",\"potentialAction\":[{\"@type\":\"ReadAction\",\"target\":[\"https:\/\/direstrats.com\/09-10-10-10-09-bremerhaven\/\"]}]},{\"@type\":\"ImageObject\",\"inLanguage\":\"en-US\",\"@id\":\"https:\/\/direstrats.com\/09-10-10-10-09-bremerhaven\/#primaryimage\",\"url\":\"https:\/\/direstrats.com\/wp-content\/uploads\/2019\/07\/2009_Bhv_01.jpg\",\"contentUrl\":\"https:\/\/direstrats.com\/wp-content\/uploads\/2019\/07\/2009_Bhv_01.jpg\"},{\"@type\":\"BreadcrumbList\",\"@id\":\"https:\/\/direstrats.com\/09-10-10-10-09-bremerhaven\/#breadcrumb\",\"itemListElement\":[{\"@type\":\"ListItem\",\"position\":1,\"name\":\"Startseite\",\"item\":\"https:\/\/direstrats.com\/\"},{\"@type\":\"ListItem\",\"position\":2,\"name\":\"09.10. &#038; 10.10.09 &#8211; Bremerhaven\"}]},{\"@type\":\"WebSite\",\"@id\":\"https:\/\/direstrats.com\/#website\",\"url\":\"https:\/\/direstrats.com\/\",\"name\":\"Direstrats\",\"description\":\"\",\"publisher\":{\"@id\":\"https:\/\/direstrats.com\/#organization\"},\"potentialAction\":[{\"@type\":\"SearchAction\",\"target\":{\"@type\":\"EntryPoint\",\"urlTemplate\":\"https:\/\/direstrats.com\/?s={search_term_string}\"},\"query-input\":{\"@type\":\"PropertyValueSpecification\",\"valueRequired\":true,\"valueName\":\"search_term_string\"}}],\"inLanguage\":\"en-US\"},{\"@type\":\"Organization\",\"@id\":\"https:\/\/direstrats.com\/#organization\",\"name\":\"Direstrats\",\"url\":\"https:\/\/direstrats.com\/\",\"logo\":{\"@type\":\"ImageObject\",\"inLanguage\":\"en-US\",\"@id\":\"https:\/\/direstrats.com\/#\/schema\/logo\/image\/\",\"url\":\"https:\/\/direstrats.com\/wp-content\/uploads\/2025\/12\/dIREsTRATS_logo_star-1024x768.png\",\"contentUrl\":\"https:\/\/direstrats.com\/wp-content\/uploads\/2025\/12\/dIREsTRATS_logo_star-1024x768.png\",\"width\":1024,\"height\":768,\"caption\":\"Direstrats\"},\"image\":{\"@id\":\"https:\/\/direstrats.com\/#\/schema\/logo\/image\/\"},\"sameAs\":[\"https:\/\/www.facebook.com\/share\/1JaH96mvPW\/?mibextid=wwXIfr\"]},{\"@type\":\"Person\",\"@id\":\"https:\/\/direstrats.com\/#\/schema\/person\/8cbb793335b8def966088e13b196b6a1\",\"name\":\"Wolfgang Uhlich\",\"image\":{\"@type\":\"ImageObject\",\"inLanguage\":\"en-US\",\"@id\":\"https:\/\/secure.gravatar.com\/avatar\/ed60a46fa963f2ef554b7832599b0ba478de3a3b27cbe58f9ff9077876b81777?s=96&d=mm&r=g\",\"url\":\"https:\/\/secure.gravatar.com\/avatar\/ed60a46fa963f2ef554b7832599b0ba478de3a3b27cbe58f9ff9077876b81777?s=96&d=mm&r=g\",\"contentUrl\":\"https:\/\/secure.gravatar.com\/avatar\/ed60a46fa963f2ef554b7832599b0ba478de3a3b27cbe58f9ff9077876b81777?s=96&d=mm&r=g\",\"caption\":\"Wolfgang Uhlich\"},\"url\":\"https:\/\/direstrats.com\/en\/author\/wolle\/\"}]}<\/script>\n<!-- \/ Yoast SEO plugin. -->","yoast_head_json":{"title":"09.10. & 10.10.09 - Bremerhaven - Direstrats","robots":{"index":"index","follow":"follow","max-snippet":"max-snippet:-1","max-image-preview":"max-image-preview:large","max-video-preview":"max-video-preview:-1"},"canonical":"https:\/\/direstrats.com\/09-10-10-10-09-bremerhaven\/","og_locale":"en_US","og_type":"article","og_title":"09.10. & 10.10.09 - Bremerhaven - Direstrats","og_description":"Theater im Fischereihafen Fotos: Antje Schimanke TIF &#8211; &#8220;Sold Out&#8221; an zwei Tagen mit 600 verkauften Tickets. Vielen Dank an alle Gastmusiker, Zuschauer, Mitorganisatoren, Edelfans und sonstige Beteiligte f\u00fcr diese beiden wundervollen Abende. Die ganze Arbeit der Vorbereitung hat sich gelohnt! &nbsp; Anl\u00e4sslich von 5 Jahren dIRE sTRATS ist der Eintrag etwas l\u00e4nger &#8211; also...","og_url":"https:\/\/direstrats.com\/09-10-10-10-09-bremerhaven\/","og_site_name":"Direstrats","article_publisher":"https:\/\/www.facebook.com\/share\/1JaH96mvPW\/?mibextid=wwXIfr","article_published_time":"2009-10-11T10:20:01+00:00","article_modified_time":"2019-07-23T04:51:56+00:00","og_image":[{"url":"https:\/\/direstrats.com\/wp-content\/uploads\/2019\/07\/2009_Bhv_01.jpg","type":"","width":"","height":""}],"author":"Wolfgang Uhlich","twitter_card":"summary_large_image","twitter_misc":{"Written by":"Wolfgang Uhlich","Est. reading time":"5 minutes"},"schema":{"@context":"https:\/\/schema.org","@graph":[{"@type":"Article","@id":"https:\/\/direstrats.com\/09-10-10-10-09-bremerhaven\/#article","isPartOf":{"@id":"https:\/\/direstrats.com\/09-10-10-10-09-bremerhaven\/"},"author":{"name":"Wolfgang Uhlich","@id":"https:\/\/direstrats.com\/#\/schema\/person\/8cbb793335b8def966088e13b196b6a1"},"headline":"09.10. &#038; 10.10.09 &#8211; Bremerhaven","datePublished":"2009-10-11T10:20:01+00:00","dateModified":"2019-07-23T04:51:56+00:00","mainEntityOfPage":{"@id":"https:\/\/direstrats.com\/09-10-10-10-09-bremerhaven\/"},"wordCount":986,"publisher":{"@id":"https:\/\/direstrats.com\/#organization"},"image":{"@id":"https:\/\/direstrats.com\/09-10-10-10-09-bremerhaven\/#primaryimage"},"thumbnailUrl":"https:\/\/direstrats.com\/wp-content\/uploads\/2019\/07\/2009_Bhv_01.jpg","articleSection":["Tourberichte","Tourberichte 2009"],"inLanguage":"en-US"},{"@type":"WebPage","@id":"https:\/\/direstrats.com\/09-10-10-10-09-bremerhaven\/","url":"https:\/\/direstrats.com\/09-10-10-10-09-bremerhaven\/","name":"09.10. & 10.10.09 - Bremerhaven - Direstrats","isPartOf":{"@id":"https:\/\/direstrats.com\/#website"},"primaryImageOfPage":{"@id":"https:\/\/direstrats.com\/09-10-10-10-09-bremerhaven\/#primaryimage"},"image":{"@id":"https:\/\/direstrats.com\/09-10-10-10-09-bremerhaven\/#primaryimage"},"thumbnailUrl":"https:\/\/direstrats.com\/wp-content\/uploads\/2019\/07\/2009_Bhv_01.jpg","datePublished":"2009-10-11T10:20:01+00:00","dateModified":"2019-07-23T04:51:56+00:00","breadcrumb":{"@id":"https:\/\/direstrats.com\/09-10-10-10-09-bremerhaven\/#breadcrumb"},"inLanguage":"en-US","potentialAction":[{"@type":"ReadAction","target":["https:\/\/direstrats.com\/09-10-10-10-09-bremerhaven\/"]}]},{"@type":"ImageObject","inLanguage":"en-US","@id":"https:\/\/direstrats.com\/09-10-10-10-09-bremerhaven\/#primaryimage","url":"https:\/\/direstrats.com\/wp-content\/uploads\/2019\/07\/2009_Bhv_01.jpg","contentUrl":"https:\/\/direstrats.com\/wp-content\/uploads\/2019\/07\/2009_Bhv_01.jpg"},{"@type":"BreadcrumbList","@id":"https:\/\/direstrats.com\/09-10-10-10-09-bremerhaven\/#breadcrumb","itemListElement":[{"@type":"ListItem","position":1,"name":"Startseite","item":"https:\/\/direstrats.com\/"},{"@type":"ListItem","position":2,"name":"09.10. &#038; 10.10.09 &#8211; Bremerhaven"}]},{"@type":"WebSite","@id":"https:\/\/direstrats.com\/#website","url":"https:\/\/direstrats.com\/","name":"Direstrats","description":"","publisher":{"@id":"https:\/\/direstrats.com\/#organization"},"potentialAction":[{"@type":"SearchAction","target":{"@type":"EntryPoint","urlTemplate":"https:\/\/direstrats.com\/?s={search_term_string}"},"query-input":{"@type":"PropertyValueSpecification","valueRequired":true,"valueName":"search_term_string"}}],"inLanguage":"en-US"},{"@type":"Organization","@id":"https:\/\/direstrats.com\/#organization","name":"Direstrats","url":"https:\/\/direstrats.com\/","logo":{"@type":"ImageObject","inLanguage":"en-US","@id":"https:\/\/direstrats.com\/#\/schema\/logo\/image\/","url":"https:\/\/direstrats.com\/wp-content\/uploads\/2025\/12\/dIREsTRATS_logo_star-1024x768.png","contentUrl":"https:\/\/direstrats.com\/wp-content\/uploads\/2025\/12\/dIREsTRATS_logo_star-1024x768.png","width":1024,"height":768,"caption":"Direstrats"},"image":{"@id":"https:\/\/direstrats.com\/#\/schema\/logo\/image\/"},"sameAs":["https:\/\/www.facebook.com\/share\/1JaH96mvPW\/?mibextid=wwXIfr"]},{"@type":"Person","@id":"https:\/\/direstrats.com\/#\/schema\/person\/8cbb793335b8def966088e13b196b6a1","name":"Wolfgang Uhlich","image":{"@type":"ImageObject","inLanguage":"en-US","@id":"https:\/\/secure.gravatar.com\/avatar\/ed60a46fa963f2ef554b7832599b0ba478de3a3b27cbe58f9ff9077876b81777?s=96&d=mm&r=g","url":"https:\/\/secure.gravatar.com\/avatar\/ed60a46fa963f2ef554b7832599b0ba478de3a3b27cbe58f9ff9077876b81777?s=96&d=mm&r=g","contentUrl":"https:\/\/secure.gravatar.com\/avatar\/ed60a46fa963f2ef554b7832599b0ba478de3a3b27cbe58f9ff9077876b81777?s=96&d=mm&r=g","caption":"Wolfgang Uhlich"},"url":"https:\/\/direstrats.com\/en\/author\/wolle\/"}]}},"jetpack_featured_media_url":"","jetpack_sharing_enabled":true,"_links":{"self":[{"href":"https:\/\/direstrats.com\/en\/wp-json\/wp\/v2\/posts\/162603","targetHints":{"allow":["GET"]}}],"collection":[{"href":"https:\/\/direstrats.com\/en\/wp-json\/wp\/v2\/posts"}],"about":[{"href":"https:\/\/direstrats.com\/en\/wp-json\/wp\/v2\/types\/post"}],"author":[{"embeddable":true,"href":"https:\/\/direstrats.com\/en\/wp-json\/wp\/v2\/users\/3"}],"replies":[{"embeddable":true,"href":"https:\/\/direstrats.com\/en\/wp-json\/wp\/v2\/comments?post=162603"}],"version-history":[{"count":3,"href":"https:\/\/direstrats.com\/en\/wp-json\/wp\/v2\/posts\/162603\/revisions"}],"predecessor-version":[{"id":245158,"href":"https:\/\/direstrats.com\/en\/wp-json\/wp\/v2\/posts\/162603\/revisions\/245158"}],"wp:attachment":[{"href":"https:\/\/direstrats.com\/en\/wp-json\/wp\/v2\/media?parent=162603"}],"wp:term":[{"taxonomy":"category","embeddable":true,"href":"https:\/\/direstrats.com\/en\/wp-json\/wp\/v2\/categories?post=162603"},{"taxonomy":"post_tag","embeddable":true,"href":"https:\/\/direstrats.com\/en\/wp-json\/wp\/v2\/tags?post=162603"}],"curies":[{"name":"wp","href":"https:\/\/api.w.org\/{rel}","templated":true}]}}