{"id":1329113,"date":"2025-02-23T09:09:29","date_gmt":"2025-02-23T08:09:29","guid":{"rendered":"https:\/\/direstrats.com\/?p=1329113"},"modified":"2025-02-23T09:15:36","modified_gmt":"2025-02-23T08:15:36","slug":"22-02-25-elmshorn","status":"publish","type":"post","link":"https:\/\/direstrats.com\/en\/22-02-25-elmshorn\/","title":{"rendered":"22.02.25 &#8211; Elmshorn"},"content":{"rendered":"<p><\/p>\n<h3><img loading=\"lazy\" decoding=\"async\" class=\"alignnone size-full wp-image-1329118\" src=\"http:\/\/direstrats.com\/wp-content\/uploads\/2025\/02\/IMG-20250223-WA0000.jpg\" alt=\"\" width=\"1600\" height=\"1200\" data-id=\"1329118\" srcset=\"https:\/\/direstrats.com\/wp-content\/uploads\/2025\/02\/IMG-20250223-WA0000.jpg 1600w, https:\/\/direstrats.com\/wp-content\/uploads\/2025\/02\/IMG-20250223-WA0000-300x225.jpg 300w, https:\/\/direstrats.com\/wp-content\/uploads\/2025\/02\/IMG-20250223-WA0000-1024x768.jpg 1024w, https:\/\/direstrats.com\/wp-content\/uploads\/2025\/02\/IMG-20250223-WA0000-768x576.jpg 768w, https:\/\/direstrats.com\/wp-content\/uploads\/2025\/02\/IMG-20250223-WA0000-1536x1152.jpg 1536w, https:\/\/direstrats.com\/wp-content\/uploads\/2025\/02\/IMG-20250223-WA0000-600x450.jpg 600w\" sizes=\"auto, (max-width: 1600px) 100vw, 1600px\" \/> 22.02.25 &#8211; Elmshorn &#8211; Stadttheater<\/h3>\n<p>Was f\u00fcr ein sch\u00f6ner Konzertabend! Es ist unser 1. Theaterkonzert in diesem Jahr. Wir genie\u00dfen die Atmosph\u00e4re mit Sitzpublikum. Zwischen der kompletten Stille und der Euphorie gibt es im Saal jeden Lautst\u00e4rkezustand. Die Musik kann so besonders gut wirken.<\/p>\n<p>Unsere Anreise war recht \u00fcberschaubar. Von Leer in Ostfriesland kommend, reisen wir \u00fcber Hamburg nach Elmshorn zu unserem 4. Gastspiel im Stadttheater.<\/p>\n<p>F\u00fcr Wolfgang und Matthias geht am Nachmittag allerdings erst einmal in die Hamburger Innenstadt zwecks Gitarrenreparatur. Wolfgangs Nylongitarre machte Problem, so dass Matthias seine Kontakte hat spielen lassen. Und wenige Zeit sp\u00e4ter sitzen wir in einem kleinen Gitarrenladen mit dem sehr engagierten und kompetenten Inhaber Andreas. Ein Laden zum Empfehlen: Seefeld-Guitars. https:\/\/www.seefeldt-guitars.com\/<\/p>\n<p>Ein herzlicher Dank an Andreas und Matthias!!!<\/p>\n<p>Am n\u00e4chsten Morgen geht es \u00fcber die Elbef\u00e4hre zur\u00fcck in die Heimat.<\/p>\n<p><img loading=\"lazy\" decoding=\"async\" class=\"alignnone size-full wp-image-1329117\" src=\"http:\/\/direstrats.com\/wp-content\/uploads\/2025\/02\/IMG-20250222-WA0006.jpg\" alt=\"\" width=\"1600\" height=\"1200\" data-id=\"1329117\" srcset=\"https:\/\/direstrats.com\/wp-content\/uploads\/2025\/02\/IMG-20250222-WA0006.jpg 1600w, https:\/\/direstrats.com\/wp-content\/uploads\/2025\/02\/IMG-20250222-WA0006-300x225.jpg 300w, https:\/\/direstrats.com\/wp-content\/uploads\/2025\/02\/IMG-20250222-WA0006-1024x768.jpg 1024w, https:\/\/direstrats.com\/wp-content\/uploads\/2025\/02\/IMG-20250222-WA0006-768x576.jpg 768w, https:\/\/direstrats.com\/wp-content\/uploads\/2025\/02\/IMG-20250222-WA0006-1536x1152.jpg 1536w, https:\/\/direstrats.com\/wp-content\/uploads\/2025\/02\/IMG-20250222-WA0006-600x450.jpg 600w\" sizes=\"auto, (max-width: 1600px) 100vw, 1600px\" \/><\/p>\n<p><img loading=\"lazy\" decoding=\"async\" class=\"alignnone size-full wp-image-1329116\" src=\"http:\/\/direstrats.com\/wp-content\/uploads\/2025\/02\/IMG-20250222-WA0005.jpg\" alt=\"\" width=\"1600\" height=\"1200\" data-id=\"1329116\" srcset=\"https:\/\/direstrats.com\/wp-content\/uploads\/2025\/02\/IMG-20250222-WA0005.jpg 1600w, https:\/\/direstrats.com\/wp-content\/uploads\/2025\/02\/IMG-20250222-WA0005-300x225.jpg 300w, https:\/\/direstrats.com\/wp-content\/uploads\/2025\/02\/IMG-20250222-WA0005-1024x768.jpg 1024w, https:\/\/direstrats.com\/wp-content\/uploads\/2025\/02\/IMG-20250222-WA0005-768x576.jpg 768w, https:\/\/direstrats.com\/wp-content\/uploads\/2025\/02\/IMG-20250222-WA0005-1536x1152.jpg 1536w, https:\/\/direstrats.com\/wp-content\/uploads\/2025\/02\/IMG-20250222-WA0005-600x450.jpg 600w\" sizes=\"auto, (max-width: 1600px) 100vw, 1600px\" \/><\/p>\n<p>&nbsp;<\/p>","protected":false},"excerpt":{"rendered":"<p>22.02.25 &#8211; Elmshorn &#8211; Stadttheater Was f\u00fcr ein sch\u00f6ner Konzertabend! Es ist unser 1. Theaterkonzert in diesem Jahr. Wir genie\u00dfen die Atmosph\u00e4re mit Sitzpublikum. Zwischen der kompletten Stille und der Euphorie gibt es im Saal jeden Lautst\u00e4rkezustand. Die Musik kann so besonders gut wirken. Unsere Anreise war recht \u00fcberschaubar. Von Leer in Ostfriesland kommend, reisen&#8230;<\/p>\n","protected":false},"author":3,"featured_media":0,"comment_status":"closed","ping_status":"closed","sticky":false,"template":"","format":"standard","meta":{"ngg_post_thumbnail":0,"_jetpack_memberships_contains_paid_content":false,"footnotes":""},"categories":[67],"tags":[],"class_list":["post-1329113","post","type-post","status-publish","format-standard","hentry","category-tourberichte-2025"],"yoast_head":"<!-- This site is optimized with the Yoast SEO plugin v27.2 - https:\/\/yoast.com\/product\/yoast-seo-wordpress\/ -->\n<title>22.02.25 - Elmshorn - Direstrats<\/title>\n<meta name=\"robots\" content=\"index, follow, max-snippet:-1, max-image-preview:large, max-video-preview:-1\" \/>\n<link rel=\"canonical\" href=\"https:\/\/direstrats.com\/22-02-25-elmshorn\/\" \/>\n<meta property=\"og:locale\" content=\"en_US\" \/>\n<meta property=\"og:type\" content=\"article\" \/>\n<meta property=\"og:title\" content=\"22.02.25 - Elmshorn - Direstrats\" \/>\n<meta property=\"og:description\" content=\"22.02.25 &#8211; Elmshorn &#8211; Stadttheater Was f\u00fcr ein sch\u00f6ner Konzertabend! Es ist unser 1. Theaterkonzert in diesem Jahr. Wir genie\u00dfen die Atmosph\u00e4re mit Sitzpublikum. Zwischen der kompletten Stille und der Euphorie gibt es im Saal jeden Lautst\u00e4rkezustand. Die Musik kann so besonders gut wirken. Unsere Anreise war recht \u00fcberschaubar. Von Leer in Ostfriesland kommend, reisen...\" \/>\n<meta property=\"og:url\" content=\"https:\/\/direstrats.com\/22-02-25-elmshorn\/\" \/>\n<meta property=\"og:site_name\" content=\"Direstrats\" \/>\n<meta property=\"article:publisher\" content=\"https:\/\/www.facebook.com\/share\/1JaH96mvPW\/?mibextid=wwXIfr\" \/>\n<meta property=\"article:published_time\" content=\"2025-02-23T08:09:29+00:00\" \/>\n<meta property=\"article:modified_time\" content=\"2025-02-23T08:15:36+00:00\" \/>\n<meta property=\"og:image\" content=\"https:\/\/direstrats.com\/wp-content\/uploads\/2025\/02\/IMG-20250223-WA0000.jpg\" \/>\n\t<meta property=\"og:image:width\" content=\"1600\" \/>\n\t<meta property=\"og:image:height\" content=\"1200\" \/>\n\t<meta property=\"og:image:type\" content=\"image\/jpeg\" \/>\n<meta name=\"author\" content=\"Wolfgang Uhlich\" \/>\n<meta name=\"twitter:card\" content=\"summary_large_image\" \/>\n<meta name=\"twitter:label1\" content=\"Written by\" \/>\n\t<meta name=\"twitter:data1\" content=\"Wolfgang Uhlich\" \/>\n\t<meta name=\"twitter:label2\" content=\"Est. reading time\" \/>\n\t<meta name=\"twitter:data2\" content=\"2 minutes\" \/>\n<script type=\"application\/ld+json\" class=\"yoast-schema-graph\">{\"@context\":\"https:\/\/schema.org\",\"@graph\":[{\"@type\":\"Article\",\"@id\":\"https:\/\/direstrats.com\/22-02-25-elmshorn\/#article\",\"isPartOf\":{\"@id\":\"https:\/\/direstrats.com\/22-02-25-elmshorn\/\"},\"author\":{\"name\":\"Wolfgang Uhlich\",\"@id\":\"https:\/\/direstrats.com\/#\/schema\/person\/8cbb793335b8def966088e13b196b6a1\"},\"headline\":\"22.02.25 &#8211; Elmshorn\",\"datePublished\":\"2025-02-23T08:09:29+00:00\",\"dateModified\":\"2025-02-23T08:15:36+00:00\",\"mainEntityOfPage\":{\"@id\":\"https:\/\/direstrats.com\/22-02-25-elmshorn\/\"},\"wordCount\":302,\"publisher\":{\"@id\":\"https:\/\/direstrats.com\/#organization\"},\"image\":{\"@id\":\"https:\/\/direstrats.com\/22-02-25-elmshorn\/#primaryimage\"},\"thumbnailUrl\":\"http:\/\/direstrats.com\/wp-content\/uploads\/2025\/02\/IMG-20250223-WA0000.jpg\",\"articleSection\":[\"\"],\"inLanguage\":\"en-US\"},{\"@type\":\"WebPage\",\"@id\":\"https:\/\/direstrats.com\/22-02-25-elmshorn\/\",\"url\":\"https:\/\/direstrats.com\/22-02-25-elmshorn\/\",\"name\":\"22.02.25 - Elmshorn - Direstrats\",\"isPartOf\":{\"@id\":\"https:\/\/direstrats.com\/#website\"},\"primaryImageOfPage\":{\"@id\":\"https:\/\/direstrats.com\/22-02-25-elmshorn\/#primaryimage\"},\"image\":{\"@id\":\"https:\/\/direstrats.com\/22-02-25-elmshorn\/#primaryimage\"},\"thumbnailUrl\":\"http:\/\/direstrats.com\/wp-content\/uploads\/2025\/02\/IMG-20250223-WA0000.jpg\",\"datePublished\":\"2025-02-23T08:09:29+00:00\",\"dateModified\":\"2025-02-23T08:15:36+00:00\",\"breadcrumb\":{\"@id\":\"https:\/\/direstrats.com\/22-02-25-elmshorn\/#breadcrumb\"},\"inLanguage\":\"en-US\",\"potentialAction\":[{\"@type\":\"ReadAction\",\"target\":[\"https:\/\/direstrats.com\/22-02-25-elmshorn\/\"]}]},{\"@type\":\"ImageObject\",\"inLanguage\":\"en-US\",\"@id\":\"https:\/\/direstrats.com\/22-02-25-elmshorn\/#primaryimage\",\"url\":\"http:\/\/direstrats.com\/wp-content\/uploads\/2025\/02\/IMG-20250223-WA0000.jpg\",\"contentUrl\":\"http:\/\/direstrats.com\/wp-content\/uploads\/2025\/02\/IMG-20250223-WA0000.jpg\"},{\"@type\":\"BreadcrumbList\",\"@id\":\"https:\/\/direstrats.com\/22-02-25-elmshorn\/#breadcrumb\",\"itemListElement\":[{\"@type\":\"ListItem\",\"position\":1,\"name\":\"Startseite\",\"item\":\"https:\/\/direstrats.com\/\"},{\"@type\":\"ListItem\",\"position\":2,\"name\":\"22.02.25 &#8211; Elmshorn\"}]},{\"@type\":\"WebSite\",\"@id\":\"https:\/\/direstrats.com\/#website\",\"url\":\"https:\/\/direstrats.com\/\",\"name\":\"Direstrats\",\"description\":\"\",\"publisher\":{\"@id\":\"https:\/\/direstrats.com\/#organization\"},\"potentialAction\":[{\"@type\":\"SearchAction\",\"target\":{\"@type\":\"EntryPoint\",\"urlTemplate\":\"https:\/\/direstrats.com\/?s={search_term_string}\"},\"query-input\":{\"@type\":\"PropertyValueSpecification\",\"valueRequired\":true,\"valueName\":\"search_term_string\"}}],\"inLanguage\":\"en-US\"},{\"@type\":\"Organization\",\"@id\":\"https:\/\/direstrats.com\/#organization\",\"name\":\"Direstrats\",\"url\":\"https:\/\/direstrats.com\/\",\"logo\":{\"@type\":\"ImageObject\",\"inLanguage\":\"en-US\",\"@id\":\"https:\/\/direstrats.com\/#\/schema\/logo\/image\/\",\"url\":\"https:\/\/direstrats.com\/wp-content\/uploads\/2025\/12\/dIREsTRATS_logo_star-1024x768.png\",\"contentUrl\":\"https:\/\/direstrats.com\/wp-content\/uploads\/2025\/12\/dIREsTRATS_logo_star-1024x768.png\",\"width\":1024,\"height\":768,\"caption\":\"Direstrats\"},\"image\":{\"@id\":\"https:\/\/direstrats.com\/#\/schema\/logo\/image\/\"},\"sameAs\":[\"https:\/\/www.facebook.com\/share\/1JaH96mvPW\/?mibextid=wwXIfr\"]},{\"@type\":\"Person\",\"@id\":\"https:\/\/direstrats.com\/#\/schema\/person\/8cbb793335b8def966088e13b196b6a1\",\"name\":\"Wolfgang Uhlich\",\"image\":{\"@type\":\"ImageObject\",\"inLanguage\":\"en-US\",\"@id\":\"https:\/\/secure.gravatar.com\/avatar\/ed60a46fa963f2ef554b7832599b0ba478de3a3b27cbe58f9ff9077876b81777?s=96&d=mm&r=g\",\"url\":\"https:\/\/secure.gravatar.com\/avatar\/ed60a46fa963f2ef554b7832599b0ba478de3a3b27cbe58f9ff9077876b81777?s=96&d=mm&r=g\",\"contentUrl\":\"https:\/\/secure.gravatar.com\/avatar\/ed60a46fa963f2ef554b7832599b0ba478de3a3b27cbe58f9ff9077876b81777?s=96&d=mm&r=g\",\"caption\":\"Wolfgang Uhlich\"},\"url\":\"https:\/\/direstrats.com\/en\/author\/wolle\/\"}]}<\/script>\n<!-- \/ Yoast SEO plugin. -->","yoast_head_json":{"title":"22.02.25 - Elmshorn - Direstrats","robots":{"index":"index","follow":"follow","max-snippet":"max-snippet:-1","max-image-preview":"max-image-preview:large","max-video-preview":"max-video-preview:-1"},"canonical":"https:\/\/direstrats.com\/22-02-25-elmshorn\/","og_locale":"en_US","og_type":"article","og_title":"22.02.25 - Elmshorn - Direstrats","og_description":"22.02.25 &#8211; Elmshorn &#8211; Stadttheater Was f\u00fcr ein sch\u00f6ner Konzertabend! Es ist unser 1. Theaterkonzert in diesem Jahr. Wir genie\u00dfen die Atmosph\u00e4re mit Sitzpublikum. Zwischen der kompletten Stille und der Euphorie gibt es im Saal jeden Lautst\u00e4rkezustand. Die Musik kann so besonders gut wirken. Unsere Anreise war recht \u00fcberschaubar. Von Leer in Ostfriesland kommend, reisen...","og_url":"https:\/\/direstrats.com\/22-02-25-elmshorn\/","og_site_name":"Direstrats","article_publisher":"https:\/\/www.facebook.com\/share\/1JaH96mvPW\/?mibextid=wwXIfr","article_published_time":"2025-02-23T08:09:29+00:00","article_modified_time":"2025-02-23T08:15:36+00:00","og_image":[{"width":1600,"height":1200,"url":"https:\/\/direstrats.com\/wp-content\/uploads\/2025\/02\/IMG-20250223-WA0000.jpg","type":"image\/jpeg"}],"author":"Wolfgang Uhlich","twitter_card":"summary_large_image","twitter_misc":{"Written by":"Wolfgang Uhlich","Est. reading time":"2 minutes"},"schema":{"@context":"https:\/\/schema.org","@graph":[{"@type":"Article","@id":"https:\/\/direstrats.com\/22-02-25-elmshorn\/#article","isPartOf":{"@id":"https:\/\/direstrats.com\/22-02-25-elmshorn\/"},"author":{"name":"Wolfgang Uhlich","@id":"https:\/\/direstrats.com\/#\/schema\/person\/8cbb793335b8def966088e13b196b6a1"},"headline":"22.02.25 &#8211; Elmshorn","datePublished":"2025-02-23T08:09:29+00:00","dateModified":"2025-02-23T08:15:36+00:00","mainEntityOfPage":{"@id":"https:\/\/direstrats.com\/22-02-25-elmshorn\/"},"wordCount":302,"publisher":{"@id":"https:\/\/direstrats.com\/#organization"},"image":{"@id":"https:\/\/direstrats.com\/22-02-25-elmshorn\/#primaryimage"},"thumbnailUrl":"http:\/\/direstrats.com\/wp-content\/uploads\/2025\/02\/IMG-20250223-WA0000.jpg","articleSection":[""],"inLanguage":"en-US"},{"@type":"WebPage","@id":"https:\/\/direstrats.com\/22-02-25-elmshorn\/","url":"https:\/\/direstrats.com\/22-02-25-elmshorn\/","name":"22.02.25 - Elmshorn - Direstrats","isPartOf":{"@id":"https:\/\/direstrats.com\/#website"},"primaryImageOfPage":{"@id":"https:\/\/direstrats.com\/22-02-25-elmshorn\/#primaryimage"},"image":{"@id":"https:\/\/direstrats.com\/22-02-25-elmshorn\/#primaryimage"},"thumbnailUrl":"http:\/\/direstrats.com\/wp-content\/uploads\/2025\/02\/IMG-20250223-WA0000.jpg","datePublished":"2025-02-23T08:09:29+00:00","dateModified":"2025-02-23T08:15:36+00:00","breadcrumb":{"@id":"https:\/\/direstrats.com\/22-02-25-elmshorn\/#breadcrumb"},"inLanguage":"en-US","potentialAction":[{"@type":"ReadAction","target":["https:\/\/direstrats.com\/22-02-25-elmshorn\/"]}]},{"@type":"ImageObject","inLanguage":"en-US","@id":"https:\/\/direstrats.com\/22-02-25-elmshorn\/#primaryimage","url":"http:\/\/direstrats.com\/wp-content\/uploads\/2025\/02\/IMG-20250223-WA0000.jpg","contentUrl":"http:\/\/direstrats.com\/wp-content\/uploads\/2025\/02\/IMG-20250223-WA0000.jpg"},{"@type":"BreadcrumbList","@id":"https:\/\/direstrats.com\/22-02-25-elmshorn\/#breadcrumb","itemListElement":[{"@type":"ListItem","position":1,"name":"Startseite","item":"https:\/\/direstrats.com\/"},{"@type":"ListItem","position":2,"name":"22.02.25 &#8211; Elmshorn"}]},{"@type":"WebSite","@id":"https:\/\/direstrats.com\/#website","url":"https:\/\/direstrats.com\/","name":"Direstrats","description":"","publisher":{"@id":"https:\/\/direstrats.com\/#organization"},"potentialAction":[{"@type":"SearchAction","target":{"@type":"EntryPoint","urlTemplate":"https:\/\/direstrats.com\/?s={search_term_string}"},"query-input":{"@type":"PropertyValueSpecification","valueRequired":true,"valueName":"search_term_string"}}],"inLanguage":"en-US"},{"@type":"Organization","@id":"https:\/\/direstrats.com\/#organization","name":"Direstrats","url":"https:\/\/direstrats.com\/","logo":{"@type":"ImageObject","inLanguage":"en-US","@id":"https:\/\/direstrats.com\/#\/schema\/logo\/image\/","url":"https:\/\/direstrats.com\/wp-content\/uploads\/2025\/12\/dIREsTRATS_logo_star-1024x768.png","contentUrl":"https:\/\/direstrats.com\/wp-content\/uploads\/2025\/12\/dIREsTRATS_logo_star-1024x768.png","width":1024,"height":768,"caption":"Direstrats"},"image":{"@id":"https:\/\/direstrats.com\/#\/schema\/logo\/image\/"},"sameAs":["https:\/\/www.facebook.com\/share\/1JaH96mvPW\/?mibextid=wwXIfr"]},{"@type":"Person","@id":"https:\/\/direstrats.com\/#\/schema\/person\/8cbb793335b8def966088e13b196b6a1","name":"Wolfgang Uhlich","image":{"@type":"ImageObject","inLanguage":"en-US","@id":"https:\/\/secure.gravatar.com\/avatar\/ed60a46fa963f2ef554b7832599b0ba478de3a3b27cbe58f9ff9077876b81777?s=96&d=mm&r=g","url":"https:\/\/secure.gravatar.com\/avatar\/ed60a46fa963f2ef554b7832599b0ba478de3a3b27cbe58f9ff9077876b81777?s=96&d=mm&r=g","contentUrl":"https:\/\/secure.gravatar.com\/avatar\/ed60a46fa963f2ef554b7832599b0ba478de3a3b27cbe58f9ff9077876b81777?s=96&d=mm&r=g","caption":"Wolfgang Uhlich"},"url":"https:\/\/direstrats.com\/en\/author\/wolle\/"}]}},"jetpack_featured_media_url":"","jetpack_sharing_enabled":true,"_links":{"self":[{"href":"https:\/\/direstrats.com\/en\/wp-json\/wp\/v2\/posts\/1329113","targetHints":{"allow":["GET"]}}],"collection":[{"href":"https:\/\/direstrats.com\/en\/wp-json\/wp\/v2\/posts"}],"about":[{"href":"https:\/\/direstrats.com\/en\/wp-json\/wp\/v2\/types\/post"}],"author":[{"embeddable":true,"href":"https:\/\/direstrats.com\/en\/wp-json\/wp\/v2\/users\/3"}],"replies":[{"embeddable":true,"href":"https:\/\/direstrats.com\/en\/wp-json\/wp\/v2\/comments?post=1329113"}],"version-history":[{"count":5,"href":"https:\/\/direstrats.com\/en\/wp-json\/wp\/v2\/posts\/1329113\/revisions"}],"predecessor-version":[{"id":1329123,"href":"https:\/\/direstrats.com\/en\/wp-json\/wp\/v2\/posts\/1329113\/revisions\/1329123"}],"wp:attachment":[{"href":"https:\/\/direstrats.com\/en\/wp-json\/wp\/v2\/media?parent=1329113"}],"wp:term":[{"taxonomy":"category","embeddable":true,"href":"https:\/\/direstrats.com\/en\/wp-json\/wp\/v2\/categories?post=1329113"},{"taxonomy":"post_tag","embeddable":true,"href":"https:\/\/direstrats.com\/en\/wp-json\/wp\/v2\/tags?post=1329113"}],"curies":[{"name":"wp","href":"https:\/\/api.w.org\/{rel}","templated":true}]}}