{"id":1327638,"date":"2023-01-07T15:54:17","date_gmt":"2023-01-07T14:54:17","guid":{"rendered":"https:\/\/direstrats.com\/?p=1327638"},"modified":"2023-01-15T08:06:55","modified_gmt":"2023-01-15T07:06:55","slug":"06-01-07-01-schwerin","status":"publish","type":"post","link":"https:\/\/direstrats.com\/en\/06-01-07-01-schwerin\/","title":{"rendered":"06.+07.01.23 &#8211; Schwerin"},"content":{"rendered":"<p><img loading=\"lazy\" decoding=\"async\" class=\"alignnone size-full wp-image-1327655\" src=\"https:\/\/direstrats.com\/wp-content\/uploads\/2023\/01\/111.jpg\" alt=\"\" width=\"1600\" height=\"1200\" data-id=\"1327655\" srcset=\"https:\/\/direstrats.com\/wp-content\/uploads\/2023\/01\/111.jpg 1600w, https:\/\/direstrats.com\/wp-content\/uploads\/2023\/01\/111-300x225.jpg 300w, https:\/\/direstrats.com\/wp-content\/uploads\/2023\/01\/111-1024x768.jpg 1024w, https:\/\/direstrats.com\/wp-content\/uploads\/2023\/01\/111-768x576.jpg 768w, https:\/\/direstrats.com\/wp-content\/uploads\/2023\/01\/111-1536x1152.jpg 1536w, https:\/\/direstrats.com\/wp-content\/uploads\/2023\/01\/111-600x450.jpg 600w\" sizes=\"auto, (max-width: 1600px) 100vw, 1600px\" \/><\/p>\n<h3>06.01. &amp; 07.01.23 \u2013 Schwerin \u2013 Speicher<\/h3>\n<p>Unser traditionelles Jahres-Er\u00f6ffnungs-Doppel-Konzert in Schwerin war uns aus mehreren Gr\u00fcnden eine sehr gro\u00dfe Freude.<\/p>\n<p>Es ist zwei Mal in Folge ausverkauft (was nicht selbstverst\u00e4ndlich ist, seit Corona erstmals auftrat) &#8211; Juhu!!!<\/p>\n<p>Fast auf den Tag genau spielten wir vor geschlagenen 3 Jahren unser letztes Konzert an diesem Ort. 2021 sowie 2022 fiel das Doppelkonzert dann Corona zum Opfer. Nun, in 2023, fand es statt.<\/p>\n<p>Wir durften zwei wunderbare Konzertabende in toller Atmosph\u00e4re verbringen. Man k\u00f6nnte sagen: Es hat alles gestimmt!<\/p>\n<p>Als tourbuchschreibender Leadgitarrist der Band ist es mir immer wieder eine riesige Freude, mit dieser tollen Band auf die B\u00fchne zu gehen. Es ist ein kleiner Traum.<\/p>\n<h3>Bass<\/h3>\n<p>Unser Bassist Thomas wird ab der kommenden Woche wieder am Bass zu h\u00f6ren und zu sehen sein \u2013 wir freuen uns darauf! Bei diesen beiden Konzerten wurde er hingegen nochmals vom sensationellen Jochen Bens vertreten. Welch ein Gl\u00fcck einen Pool solch guter Vertretungsmusiker zu haben. Dies h\u00e4tte ich mir vor wenigen Jahren noch nicht vorstellen k\u00f6nnen.<\/p>\n<p><img loading=\"lazy\" decoding=\"async\" class=\"alignnone size-full wp-image-1327657\" src=\"https:\/\/direstrats.com\/wp-content\/uploads\/2023\/01\/IMG_20230107_120917.jpg\" alt=\"\" width=\"1600\" height=\"1200\" data-id=\"1327657\" srcset=\"https:\/\/direstrats.com\/wp-content\/uploads\/2023\/01\/IMG_20230107_120917.jpg 1600w, https:\/\/direstrats.com\/wp-content\/uploads\/2023\/01\/IMG_20230107_120917-300x225.jpg 300w, https:\/\/direstrats.com\/wp-content\/uploads\/2023\/01\/IMG_20230107_120917-1024x768.jpg 1024w, https:\/\/direstrats.com\/wp-content\/uploads\/2023\/01\/IMG_20230107_120917-768x576.jpg 768w, https:\/\/direstrats.com\/wp-content\/uploads\/2023\/01\/IMG_20230107_120917-1536x1152.jpg 1536w, https:\/\/direstrats.com\/wp-content\/uploads\/2023\/01\/IMG_20230107_120917-600x450.jpg 600w\" sizes=\"auto, (max-width: 1600px) 100vw, 1600px\" \/><\/p>\n<h3>Der Touritag in Schwerin<\/h3>\n<p>Zwischen den beiden Konzertabenden haben wir einen Touritag zur Verf\u00fcgung. Nat\u00fcrlich und selbstverst\u00e4ndlich geht es zum Schweriner Schloss \u2013 von innen hat es diesen Mal nur unser Tonmann Maurice besichtigt \u2013 einige andere von uns haben es bereits 3x hinter sich\u2026 &#8211; daher stand eine Umrundung der Anlage an. Immer wieder sehr sehenswert.<\/p>\n<p><img loading=\"lazy\" decoding=\"async\" class=\"alignnone size-full wp-image-1327656\" src=\"https:\/\/direstrats.com\/wp-content\/uploads\/2023\/01\/IMG_20230107_114626.jpg\" alt=\"\" width=\"1600\" height=\"1200\" data-id=\"1327656\" srcset=\"https:\/\/direstrats.com\/wp-content\/uploads\/2023\/01\/IMG_20230107_114626.jpg 1600w, https:\/\/direstrats.com\/wp-content\/uploads\/2023\/01\/IMG_20230107_114626-300x225.jpg 300w, https:\/\/direstrats.com\/wp-content\/uploads\/2023\/01\/IMG_20230107_114626-1024x768.jpg 1024w, https:\/\/direstrats.com\/wp-content\/uploads\/2023\/01\/IMG_20230107_114626-768x576.jpg 768w, https:\/\/direstrats.com\/wp-content\/uploads\/2023\/01\/IMG_20230107_114626-1536x1152.jpg 1536w, https:\/\/direstrats.com\/wp-content\/uploads\/2023\/01\/IMG_20230107_114626-600x450.jpg 600w\" sizes=\"auto, (max-width: 1600px) 100vw, 1600px\" \/><\/p>\n<h3>Touriprogramm Teil 2<\/h3>\n<p>Eine Turmbegehung des Doms folgte &#8211; mit toller Aussicht.<\/p>\n<p>Hier muss man anmerken, dass das Musikmachen unter den gegebenen Bedingungen ein kleines Privileg mit sich bringt, als dass man sch\u00f6ne Orte und Sehensw\u00fcrdigkeiten zu Gesicht bekommt. Diese M\u00f6glichkeiten muss man nutzen.<\/p>\n<p><img loading=\"lazy\" decoding=\"async\" class=\"alignnone size-full wp-image-1327658\" src=\"https:\/\/direstrats.com\/wp-content\/uploads\/2023\/01\/IMG_20230107_125012.jpg\" alt=\"\" width=\"1600\" height=\"1200\" data-id=\"1327658\" srcset=\"https:\/\/direstrats.com\/wp-content\/uploads\/2023\/01\/IMG_20230107_125012.jpg 1600w, https:\/\/direstrats.com\/wp-content\/uploads\/2023\/01\/IMG_20230107_125012-300x225.jpg 300w, https:\/\/direstrats.com\/wp-content\/uploads\/2023\/01\/IMG_20230107_125012-1024x768.jpg 1024w, https:\/\/direstrats.com\/wp-content\/uploads\/2023\/01\/IMG_20230107_125012-768x576.jpg 768w, https:\/\/direstrats.com\/wp-content\/uploads\/2023\/01\/IMG_20230107_125012-1536x1152.jpg 1536w, https:\/\/direstrats.com\/wp-content\/uploads\/2023\/01\/IMG_20230107_125012-600x450.jpg 600w\" sizes=\"auto, (max-width: 1600px) 100vw, 1600px\" \/><\/p>\n<p>Das Schloss von hinten.<\/p>\n<p><img loading=\"lazy\" decoding=\"async\" class=\"alignnone size-full wp-image-1327660\" src=\"https:\/\/direstrats.com\/wp-content\/uploads\/2023\/01\/IMG_20230107_224735.jpg\" alt=\"\" width=\"1600\" height=\"1028\" data-id=\"1327660\" srcset=\"https:\/\/direstrats.com\/wp-content\/uploads\/2023\/01\/IMG_20230107_224735.jpg 1600w, https:\/\/direstrats.com\/wp-content\/uploads\/2023\/01\/IMG_20230107_224735-300x193.jpg 300w, https:\/\/direstrats.com\/wp-content\/uploads\/2023\/01\/IMG_20230107_224735-1024x658.jpg 1024w, https:\/\/direstrats.com\/wp-content\/uploads\/2023\/01\/IMG_20230107_224735-768x493.jpg 768w, https:\/\/direstrats.com\/wp-content\/uploads\/2023\/01\/IMG_20230107_224735-1536x987.jpg 1536w, https:\/\/direstrats.com\/wp-content\/uploads\/2023\/01\/IMG_20230107_224735-600x386.jpg 600w\" sizes=\"auto, (max-width: 1600px) 100vw, 1600px\" \/><\/p>\n<h3>Konzerttag 2:<\/h3>\n<p>Der 2. Konzertabend war musikalisch gesehen noch besser als der 1. Abend. Die Band ist eingespielt. Es bringt noch mehr Spa\u00df!<\/p>\n<p><img loading=\"lazy\" decoding=\"async\" class=\"alignnone size-full wp-image-1327659\" src=\"https:\/\/direstrats.com\/wp-content\/uploads\/2023\/01\/IMG_20230107_220442.jpg\" alt=\"\" width=\"1600\" height=\"1163\" data-id=\"1327659\" srcset=\"https:\/\/direstrats.com\/wp-content\/uploads\/2023\/01\/IMG_20230107_220442.jpg 1600w, https:\/\/direstrats.com\/wp-content\/uploads\/2023\/01\/IMG_20230107_220442-300x218.jpg 300w, https:\/\/direstrats.com\/wp-content\/uploads\/2023\/01\/IMG_20230107_220442-1024x744.jpg 1024w, https:\/\/direstrats.com\/wp-content\/uploads\/2023\/01\/IMG_20230107_220442-768x558.jpg 768w, https:\/\/direstrats.com\/wp-content\/uploads\/2023\/01\/IMG_20230107_220442-1536x1116.jpg 1536w, https:\/\/direstrats.com\/wp-content\/uploads\/2023\/01\/IMG_20230107_220442-600x436.jpg 600w\" sizes=\"auto, (max-width: 1600px) 100vw, 1600px\" \/><\/p>\n<h3>Kreativ<\/h3>\n<p>Vor gesch\u00e4tzt 13 Jahren klebten wir einen dIRE sTRATS Aufkleber an eine Wand des Backstagebereichs (macht man so&#8230;). In der Zwischenzeit haben sich kreative K\u00f6pfe mit dem Bandnamen besch\u00e4ftigt. Heraus kam die Ab\u00e4nderung in &#8220;dirt rats&#8221;. Wir sind jedes Jahr aufs Neue am\u00fcsiert.<\/p>","protected":false},"excerpt":{"rendered":"<p>06.01. &amp; 07.01.23 \u2013 Schwerin \u2013 Speicher Unser traditionelles Jahres-Er\u00f6ffnungs-Doppel-Konzert in Schwerin war uns aus mehreren Gr\u00fcnden eine sehr gro\u00dfe Freude. Es ist zwei Mal in Folge ausverkauft (was nicht selbstverst\u00e4ndlich ist, seit Corona erstmals auftrat) &#8211; Juhu!!! Fast auf den Tag genau spielten wir vor geschlagenen 3 Jahren unser letztes Konzert an diesem Ort&#8230;.<\/p>\n","protected":false},"author":3,"featured_media":0,"comment_status":"closed","ping_status":"closed","sticky":false,"template":"","format":"standard","meta":{"ngg_post_thumbnail":0,"_jetpack_memberships_contains_paid_content":false,"footnotes":""},"categories":[65],"tags":[],"class_list":["post-1327638","post","type-post","status-publish","format-standard","hentry","category-tourberichte-2023"],"yoast_head":"<!-- This site is optimized with the Yoast SEO plugin v27.2 - https:\/\/yoast.com\/product\/yoast-seo-wordpress\/ -->\n<title>06.+07.01.23 - Schwerin - Direstrats<\/title>\n<meta name=\"robots\" content=\"index, follow, max-snippet:-1, max-image-preview:large, max-video-preview:-1\" \/>\n<link rel=\"canonical\" href=\"https:\/\/direstrats.com\/06-01-07-01-schwerin\/\" \/>\n<meta property=\"og:locale\" content=\"en_US\" \/>\n<meta property=\"og:type\" content=\"article\" \/>\n<meta property=\"og:title\" content=\"06.+07.01.23 - Schwerin - Direstrats\" \/>\n<meta property=\"og:description\" content=\"06.01. &amp; 07.01.23 \u2013 Schwerin \u2013 Speicher Unser traditionelles Jahres-Er\u00f6ffnungs-Doppel-Konzert in Schwerin war uns aus mehreren Gr\u00fcnden eine sehr gro\u00dfe Freude. Es ist zwei Mal in Folge ausverkauft (was nicht selbstverst\u00e4ndlich ist, seit Corona erstmals auftrat) &#8211; Juhu!!! Fast auf den Tag genau spielten wir vor geschlagenen 3 Jahren unser letztes Konzert an diesem Ort....\" \/>\n<meta property=\"og:url\" content=\"https:\/\/direstrats.com\/06-01-07-01-schwerin\/\" \/>\n<meta property=\"og:site_name\" content=\"Direstrats\" \/>\n<meta property=\"article:publisher\" content=\"https:\/\/www.facebook.com\/share\/1JaH96mvPW\/?mibextid=wwXIfr\" \/>\n<meta property=\"article:published_time\" content=\"2023-01-07T14:54:17+00:00\" \/>\n<meta property=\"article:modified_time\" content=\"2023-01-15T07:06:55+00:00\" \/>\n<meta property=\"og:image\" content=\"https:\/\/direstrats.com\/wp-content\/uploads\/2023\/01\/111.jpg\" \/>\n<meta name=\"author\" content=\"Wolfgang Uhlich\" \/>\n<meta name=\"twitter:card\" content=\"summary_large_image\" \/>\n<meta name=\"twitter:label1\" content=\"Written by\" \/>\n\t<meta name=\"twitter:data1\" content=\"Wolfgang Uhlich\" \/>\n\t<meta name=\"twitter:label2\" content=\"Est. reading time\" \/>\n\t<meta name=\"twitter:data2\" content=\"4 minutes\" \/>\n<script type=\"application\/ld+json\" class=\"yoast-schema-graph\">{\"@context\":\"https:\/\/schema.org\",\"@graph\":[{\"@type\":\"Article\",\"@id\":\"https:\/\/direstrats.com\/06-01-07-01-schwerin\/#article\",\"isPartOf\":{\"@id\":\"https:\/\/direstrats.com\/06-01-07-01-schwerin\/\"},\"author\":{\"name\":\"Wolfgang Uhlich\",\"@id\":\"https:\/\/direstrats.com\/#\/schema\/person\/8cbb793335b8def966088e13b196b6a1\"},\"headline\":\"06.+07.01.23 &#8211; Schwerin\",\"datePublished\":\"2023-01-07T14:54:17+00:00\",\"dateModified\":\"2023-01-15T07:06:55+00:00\",\"mainEntityOfPage\":{\"@id\":\"https:\/\/direstrats.com\/06-01-07-01-schwerin\/\"},\"wordCount\":707,\"publisher\":{\"@id\":\"https:\/\/direstrats.com\/#organization\"},\"image\":{\"@id\":\"https:\/\/direstrats.com\/06-01-07-01-schwerin\/#primaryimage\"},\"thumbnailUrl\":\"https:\/\/direstrats.com\/wp-content\/uploads\/2023\/01\/111.jpg\",\"articleSection\":[\"Tourberichte 2023\"],\"inLanguage\":\"en-US\"},{\"@type\":\"WebPage\",\"@id\":\"https:\/\/direstrats.com\/06-01-07-01-schwerin\/\",\"url\":\"https:\/\/direstrats.com\/06-01-07-01-schwerin\/\",\"name\":\"06.+07.01.23 - Schwerin - Direstrats\",\"isPartOf\":{\"@id\":\"https:\/\/direstrats.com\/#website\"},\"primaryImageOfPage\":{\"@id\":\"https:\/\/direstrats.com\/06-01-07-01-schwerin\/#primaryimage\"},\"image\":{\"@id\":\"https:\/\/direstrats.com\/06-01-07-01-schwerin\/#primaryimage\"},\"thumbnailUrl\":\"https:\/\/direstrats.com\/wp-content\/uploads\/2023\/01\/111.jpg\",\"datePublished\":\"2023-01-07T14:54:17+00:00\",\"dateModified\":\"2023-01-15T07:06:55+00:00\",\"breadcrumb\":{\"@id\":\"https:\/\/direstrats.com\/06-01-07-01-schwerin\/#breadcrumb\"},\"inLanguage\":\"en-US\",\"potentialAction\":[{\"@type\":\"ReadAction\",\"target\":[\"https:\/\/direstrats.com\/06-01-07-01-schwerin\/\"]}]},{\"@type\":\"ImageObject\",\"inLanguage\":\"en-US\",\"@id\":\"https:\/\/direstrats.com\/06-01-07-01-schwerin\/#primaryimage\",\"url\":\"https:\/\/direstrats.com\/wp-content\/uploads\/2023\/01\/111.jpg\",\"contentUrl\":\"https:\/\/direstrats.com\/wp-content\/uploads\/2023\/01\/111.jpg\"},{\"@type\":\"BreadcrumbList\",\"@id\":\"https:\/\/direstrats.com\/06-01-07-01-schwerin\/#breadcrumb\",\"itemListElement\":[{\"@type\":\"ListItem\",\"position\":1,\"name\":\"Startseite\",\"item\":\"https:\/\/direstrats.com\/\"},{\"@type\":\"ListItem\",\"position\":2,\"name\":\"06. &#038; 07.01.23 &#8211; Schwerin\"}]},{\"@type\":\"WebSite\",\"@id\":\"https:\/\/direstrats.com\/#website\",\"url\":\"https:\/\/direstrats.com\/\",\"name\":\"Direstrats\",\"description\":\"\",\"publisher\":{\"@id\":\"https:\/\/direstrats.com\/#organization\"},\"potentialAction\":[{\"@type\":\"SearchAction\",\"target\":{\"@type\":\"EntryPoint\",\"urlTemplate\":\"https:\/\/direstrats.com\/?s={search_term_string}\"},\"query-input\":{\"@type\":\"PropertyValueSpecification\",\"valueRequired\":true,\"valueName\":\"search_term_string\"}}],\"inLanguage\":\"en-US\"},{\"@type\":\"Organization\",\"@id\":\"https:\/\/direstrats.com\/#organization\",\"name\":\"Direstrats\",\"url\":\"https:\/\/direstrats.com\/\",\"logo\":{\"@type\":\"ImageObject\",\"inLanguage\":\"en-US\",\"@id\":\"https:\/\/direstrats.com\/#\/schema\/logo\/image\/\",\"url\":\"https:\/\/direstrats.com\/wp-content\/uploads\/2025\/12\/dIREsTRATS_logo_star-1024x768.png\",\"contentUrl\":\"https:\/\/direstrats.com\/wp-content\/uploads\/2025\/12\/dIREsTRATS_logo_star-1024x768.png\",\"width\":1024,\"height\":768,\"caption\":\"Direstrats\"},\"image\":{\"@id\":\"https:\/\/direstrats.com\/#\/schema\/logo\/image\/\"},\"sameAs\":[\"https:\/\/www.facebook.com\/share\/1JaH96mvPW\/?mibextid=wwXIfr\"]},{\"@type\":\"Person\",\"@id\":\"https:\/\/direstrats.com\/#\/schema\/person\/8cbb793335b8def966088e13b196b6a1\",\"name\":\"Wolfgang Uhlich\",\"image\":{\"@type\":\"ImageObject\",\"inLanguage\":\"en-US\",\"@id\":\"https:\/\/secure.gravatar.com\/avatar\/ed60a46fa963f2ef554b7832599b0ba478de3a3b27cbe58f9ff9077876b81777?s=96&d=mm&r=g\",\"url\":\"https:\/\/secure.gravatar.com\/avatar\/ed60a46fa963f2ef554b7832599b0ba478de3a3b27cbe58f9ff9077876b81777?s=96&d=mm&r=g\",\"contentUrl\":\"https:\/\/secure.gravatar.com\/avatar\/ed60a46fa963f2ef554b7832599b0ba478de3a3b27cbe58f9ff9077876b81777?s=96&d=mm&r=g\",\"caption\":\"Wolfgang Uhlich\"},\"url\":\"https:\/\/direstrats.com\/en\/author\/wolle\/\"}]}<\/script>\n<!-- \/ Yoast SEO plugin. -->","yoast_head_json":{"title":"06.+07.01.23 - Schwerin - Direstrats","robots":{"index":"index","follow":"follow","max-snippet":"max-snippet:-1","max-image-preview":"max-image-preview:large","max-video-preview":"max-video-preview:-1"},"canonical":"https:\/\/direstrats.com\/06-01-07-01-schwerin\/","og_locale":"en_US","og_type":"article","og_title":"06.+07.01.23 - Schwerin - Direstrats","og_description":"06.01. &amp; 07.01.23 \u2013 Schwerin \u2013 Speicher Unser traditionelles Jahres-Er\u00f6ffnungs-Doppel-Konzert in Schwerin war uns aus mehreren Gr\u00fcnden eine sehr gro\u00dfe Freude. Es ist zwei Mal in Folge ausverkauft (was nicht selbstverst\u00e4ndlich ist, seit Corona erstmals auftrat) &#8211; Juhu!!! Fast auf den Tag genau spielten wir vor geschlagenen 3 Jahren unser letztes Konzert an diesem Ort....","og_url":"https:\/\/direstrats.com\/06-01-07-01-schwerin\/","og_site_name":"Direstrats","article_publisher":"https:\/\/www.facebook.com\/share\/1JaH96mvPW\/?mibextid=wwXIfr","article_published_time":"2023-01-07T14:54:17+00:00","article_modified_time":"2023-01-15T07:06:55+00:00","og_image":[{"url":"https:\/\/direstrats.com\/wp-content\/uploads\/2023\/01\/111.jpg","type":"","width":"","height":""}],"author":"Wolfgang Uhlich","twitter_card":"summary_large_image","twitter_misc":{"Written by":"Wolfgang Uhlich","Est. reading time":"4 minutes"},"schema":{"@context":"https:\/\/schema.org","@graph":[{"@type":"Article","@id":"https:\/\/direstrats.com\/06-01-07-01-schwerin\/#article","isPartOf":{"@id":"https:\/\/direstrats.com\/06-01-07-01-schwerin\/"},"author":{"name":"Wolfgang Uhlich","@id":"https:\/\/direstrats.com\/#\/schema\/person\/8cbb793335b8def966088e13b196b6a1"},"headline":"06.+07.01.23 &#8211; Schwerin","datePublished":"2023-01-07T14:54:17+00:00","dateModified":"2023-01-15T07:06:55+00:00","mainEntityOfPage":{"@id":"https:\/\/direstrats.com\/06-01-07-01-schwerin\/"},"wordCount":707,"publisher":{"@id":"https:\/\/direstrats.com\/#organization"},"image":{"@id":"https:\/\/direstrats.com\/06-01-07-01-schwerin\/#primaryimage"},"thumbnailUrl":"https:\/\/direstrats.com\/wp-content\/uploads\/2023\/01\/111.jpg","articleSection":["Tourberichte 2023"],"inLanguage":"en-US"},{"@type":"WebPage","@id":"https:\/\/direstrats.com\/06-01-07-01-schwerin\/","url":"https:\/\/direstrats.com\/06-01-07-01-schwerin\/","name":"06.+07.01.23 - Schwerin - Direstrats","isPartOf":{"@id":"https:\/\/direstrats.com\/#website"},"primaryImageOfPage":{"@id":"https:\/\/direstrats.com\/06-01-07-01-schwerin\/#primaryimage"},"image":{"@id":"https:\/\/direstrats.com\/06-01-07-01-schwerin\/#primaryimage"},"thumbnailUrl":"https:\/\/direstrats.com\/wp-content\/uploads\/2023\/01\/111.jpg","datePublished":"2023-01-07T14:54:17+00:00","dateModified":"2023-01-15T07:06:55+00:00","breadcrumb":{"@id":"https:\/\/direstrats.com\/06-01-07-01-schwerin\/#breadcrumb"},"inLanguage":"en-US","potentialAction":[{"@type":"ReadAction","target":["https:\/\/direstrats.com\/06-01-07-01-schwerin\/"]}]},{"@type":"ImageObject","inLanguage":"en-US","@id":"https:\/\/direstrats.com\/06-01-07-01-schwerin\/#primaryimage","url":"https:\/\/direstrats.com\/wp-content\/uploads\/2023\/01\/111.jpg","contentUrl":"https:\/\/direstrats.com\/wp-content\/uploads\/2023\/01\/111.jpg"},{"@type":"BreadcrumbList","@id":"https:\/\/direstrats.com\/06-01-07-01-schwerin\/#breadcrumb","itemListElement":[{"@type":"ListItem","position":1,"name":"Startseite","item":"https:\/\/direstrats.com\/"},{"@type":"ListItem","position":2,"name":"06. &#038; 07.01.23 &#8211; Schwerin"}]},{"@type":"WebSite","@id":"https:\/\/direstrats.com\/#website","url":"https:\/\/direstrats.com\/","name":"Direstrats","description":"","publisher":{"@id":"https:\/\/direstrats.com\/#organization"},"potentialAction":[{"@type":"SearchAction","target":{"@type":"EntryPoint","urlTemplate":"https:\/\/direstrats.com\/?s={search_term_string}"},"query-input":{"@type":"PropertyValueSpecification","valueRequired":true,"valueName":"search_term_string"}}],"inLanguage":"en-US"},{"@type":"Organization","@id":"https:\/\/direstrats.com\/#organization","name":"Direstrats","url":"https:\/\/direstrats.com\/","logo":{"@type":"ImageObject","inLanguage":"en-US","@id":"https:\/\/direstrats.com\/#\/schema\/logo\/image\/","url":"https:\/\/direstrats.com\/wp-content\/uploads\/2025\/12\/dIREsTRATS_logo_star-1024x768.png","contentUrl":"https:\/\/direstrats.com\/wp-content\/uploads\/2025\/12\/dIREsTRATS_logo_star-1024x768.png","width":1024,"height":768,"caption":"Direstrats"},"image":{"@id":"https:\/\/direstrats.com\/#\/schema\/logo\/image\/"},"sameAs":["https:\/\/www.facebook.com\/share\/1JaH96mvPW\/?mibextid=wwXIfr"]},{"@type":"Person","@id":"https:\/\/direstrats.com\/#\/schema\/person\/8cbb793335b8def966088e13b196b6a1","name":"Wolfgang Uhlich","image":{"@type":"ImageObject","inLanguage":"en-US","@id":"https:\/\/secure.gravatar.com\/avatar\/ed60a46fa963f2ef554b7832599b0ba478de3a3b27cbe58f9ff9077876b81777?s=96&d=mm&r=g","url":"https:\/\/secure.gravatar.com\/avatar\/ed60a46fa963f2ef554b7832599b0ba478de3a3b27cbe58f9ff9077876b81777?s=96&d=mm&r=g","contentUrl":"https:\/\/secure.gravatar.com\/avatar\/ed60a46fa963f2ef554b7832599b0ba478de3a3b27cbe58f9ff9077876b81777?s=96&d=mm&r=g","caption":"Wolfgang Uhlich"},"url":"https:\/\/direstrats.com\/en\/author\/wolle\/"}]}},"jetpack_featured_media_url":"","jetpack_sharing_enabled":true,"_links":{"self":[{"href":"https:\/\/direstrats.com\/en\/wp-json\/wp\/v2\/posts\/1327638","targetHints":{"allow":["GET"]}}],"collection":[{"href":"https:\/\/direstrats.com\/en\/wp-json\/wp\/v2\/posts"}],"about":[{"href":"https:\/\/direstrats.com\/en\/wp-json\/wp\/v2\/types\/post"}],"author":[{"embeddable":true,"href":"https:\/\/direstrats.com\/en\/wp-json\/wp\/v2\/users\/3"}],"replies":[{"embeddable":true,"href":"https:\/\/direstrats.com\/en\/wp-json\/wp\/v2\/comments?post=1327638"}],"version-history":[{"count":16,"href":"https:\/\/direstrats.com\/en\/wp-json\/wp\/v2\/posts\/1327638\/revisions"}],"predecessor-version":[{"id":1327682,"href":"https:\/\/direstrats.com\/en\/wp-json\/wp\/v2\/posts\/1327638\/revisions\/1327682"}],"wp:attachment":[{"href":"https:\/\/direstrats.com\/en\/wp-json\/wp\/v2\/media?parent=1327638"}],"wp:term":[{"taxonomy":"category","embeddable":true,"href":"https:\/\/direstrats.com\/en\/wp-json\/wp\/v2\/categories?post=1327638"},{"taxonomy":"post_tag","embeddable":true,"href":"https:\/\/direstrats.com\/en\/wp-json\/wp\/v2\/tags?post=1327638"}],"curies":[{"name":"wp","href":"https:\/\/api.w.org\/{rel}","templated":true}]}}